{"id":4471,"date":"2021-04-04T08:54:42","date_gmt":"2021-04-04T08:54:42","guid":{"rendered":"http:\/\/www.smartitaly.it\/?p=1730"},"modified":"2021-04-04T08:54:42","modified_gmt":"2021-04-04T08:54:42","slug":"i-paladini-del-green-della-prima-e-seconda-ora","status":"publish","type":"post","link":"https:\/\/www.smartitaly.it\/en_en\/i-paladini-del-green-della-prima-e-seconda-ora\/","title":{"rendered":"I paladini del green della prima e seconda ora"},"content":{"rendered":"<div data-elementor-type=\"wp-post\" data-elementor-id=\"4471\" class=\"elementor elementor-4471\" data-elementor-post-type=\"post\">\n\t\t\t\t\t\t<section class=\"elementor-section elementor-top-section elementor-element elementor-element-78a5003e elementor-section-boxed elementor-section-height-default elementor-section-height-default\" data-id=\"78a5003e\" data-element_type=\"section\" data-e-type=\"section\">\n\t\t\t\t\t\t<div class=\"elementor-container elementor-column-gap-default\">\n\t\t\t\t\t<div class=\"elementor-column elementor-col-100 elementor-top-column elementor-element elementor-element-4ca4b6ce\" data-id=\"4ca4b6ce\" data-element_type=\"column\" data-e-type=\"column\">\n\t\t\t<div class=\"elementor-widget-wrap elementor-element-populated\">\n\t\t\t\t\t\t<div class=\"elementor-element elementor-element-4c9146d elementor-widget elementor-widget-text-editor\" data-id=\"4c9146d\" data-element_type=\"widget\" data-e-type=\"widget\" data-widget_type=\"text-editor.default\">\n\t\t\t\t<div class=\"elementor-widget-container\">\n\t\t\t\t\t\t\t\t\t<div class=\"field field-name-body field-type-text-with-summary field-label-hidden\">\r\n<div class=\"field-items\">\r\n<div class=\"field-item even\">\r\n<div class=\"field field-name-body field-type-text-with-summary field-label-hidden\">\r\n<div class=\"field-items\">\r\n<div class=\"field-item even\">\r\n<p data-reader-unique-id=\"9\"><strong data-reader-unique-id=\"10\">I paladini del green della prima e seconda ora. Non \u00e8 necessario essere degli ambientalisti da lungo tempo per dare un contributo.<\/strong><\/p>\r\n<p data-reader-unique-id=\"14\">Molti trovano incoerente chi fino a ieri non mostrava alcuna sensibilit\u00e0 ecologica e oggi si fa paladino del green. Vale per le<em data-reader-unique-id=\"16\">\u00a0utilities,<\/em>\u00a0che alimentavano\u00a0<strong data-reader-unique-id=\"17\">le centrali a carbone o petrolio.<\/strong>\u00a0E vale per le case auto, ormai tutte pi\u00f9 o meno tifose dell\u2019elettrico.<\/p>\r\n\r\n<h2 data-reader-unique-id=\"18\">I paladini del green? In azienda sanno ascoltare\u2026<\/h2>\r\n<p data-reader-unique-id=\"19\">Che cosa ci si pu\u00f2 aspettare da chi non \u00e8 davvero un ambientalista convinto come noi? Molto. Chi ha sbagliato, se \u00e8 intelligente, riconosce i propri errori e si sa evolvere. Siamo in una fase decisiva di evoluzione della societ\u00e0 umana e quindi anche delle aziende. Le persone\u00a0<strong data-reader-unique-id=\"20\">si fidano sempre meno di chi le guida<\/strong>, e si fidano molto di coloro che ritengono vicini al loro modo di essere e di pensare.<\/p>\r\n<p data-reader-unique-id=\"21\">C\u2019\u00e8 bisogno di una presa di coscienza collettiva, ma anche dell\u2019azione individuale. Bisogna scendere in campo subito e tutti devono dare il loro contributo: politici, ingegneri, giornalisti. Ma anche e soprattutto\u00a0<strong data-reader-unique-id=\"22\">amministratori di condominio,<\/strong>\u00a0impiegati, manager, operai, studenti, addetti alle pulizie, casalinghe\u2026Tutti a qualsiasi livello possono influire sulle decisioni altrui, con le parole e con l\u2019esempio. Soprattutto dentro le aziende serve pi\u00f9 coraggio: il coraggio di indicare strade nuove, di esprimere opinioni, ma anche di\u00a0<strong data-reader-unique-id=\"23\">ascoltare e cambiare strada da parte dei leader.<\/strong><\/p>\r\n\r\n<figure aria-describedby=\"caption-attachment-67905\" data-reader-unique-id=\"28\"><img fetchpriority=\"high\" decoding=\"async\" src=\"https:\/\/www.vaielettrico.it\/wp-content\/uploads\/2021\/05\/Schermata-2021-05-05-alle-16.22.10.png\" sizes=\"(max-width: 235px) 100vw, 235px\" srcset=\"https:\/\/www.vaielettrico.it\/wp-content\/uploads\/2021\/05\/Schermata-2021-05-05-alle-16.22.10.png 335w, https:\/\/www.vaielettrico.it\/wp-content\/uploads\/2021\/05\/Schermata-2021-05-05-alle-16.22.10-205x300.png 205w, https:\/\/www.vaielettrico.it\/wp-content\/uploads\/2021\/05\/Schermata-2021-05-05-alle-16.22.10-287x420.png 287w\" alt=\"i paladini del green\" width=\"235\" height=\"344\" data-reader-unique-id=\"29\" \/><figcaption data-reader-unique-id=\"30\"><em>Il presidente USA Joe Biden<\/em><\/figcaption><\/figure>\r\n<h2 data-reader-unique-id=\"31\"><\/h2>\r\n<h2 data-reader-unique-id=\"31\">I paladini del green sono i grandi della Terra o\u2026?<\/h2>\r\n<p data-reader-unique-id=\"32\">Il presidente degli Stati Uniti,<strong data-reader-unique-id=\"33\">\u00a0Joe Biden<\/strong>, ha riunito i grandi della terra per parlare di cambiamenti climatici e sono accorsi tutti, dal leader cinese\u00a0<strong data-reader-unique-id=\"34\">Xi Jinping a Mario Draghi<\/strong>. A turno hanno parlato della lotta al carbonio e di conseguenza all\u2019anidride carbonica, vero nemico della civilt\u00e0 contemporanea per lil benessere del pianeta. Impegni, promesse, dichiarazioni, slogan,\u00a0<strong data-reader-unique-id=\"35\">una parata di buone intenzioni<\/strong>\u00a0che ha acceso i miei ricordi trasportandomi indietro nel tempo, come in un libro di Proust.\u00a0Ero molto pi\u00f9 giovane \u00a0(non vi dir\u00f2 quanto) e gi\u00e0 le tematiche sul clima mi appassionavano. Prima di fondare<strong data-reader-unique-id=\"36\">\u00a0<a href=\"http:\/\/vaielettrico.it\/\" data-reader-unique-id=\"37\">Vaielettrico.it<\/a>\u00a0<\/strong>con Mauro e Massimo, sono stato per 12 anni nel mondo dell\u2019energia, occupandomi di comunicazione per una societ\u00e0 leader\u00a0<strong data-reader-unique-id=\"38\">come Edison.<\/strong>\u00a0La mia memoria mi riporta fino ai primi tempi quando, sbarbatello, talvolta osavo far notare che forse la societ\u00e0 stava ponendo<strong data-reader-unique-id=\"39\">\u00a0troppa enfasi sull\u2019utilizzo del carbone e sul gas.<\/strong>\u00a0Mentre avrebbe dovuto far emergere quanto di buono si poteva fare in altri settori, a cominciare dalle fonti rinnovabili diverse dall\u2019idroelettrico.<\/p>\r\n\r\n<h2 data-reader-unique-id=\"40\">Il 2021 anno virtuoso per il clima? Il contrario<\/h2>\r\n<figure aria-describedby=\"caption-attachment-67906\" data-reader-unique-id=\"41\"><img decoding=\"async\" src=\"https:\/\/www.vaielettrico.it\/wp-content\/uploads\/2021\/05\/Schermata-2021-05-05-alle-16.24.18-300x250.png\" sizes=\"(max-width: 300px) 100vw, 300px\" srcset=\"https:\/\/www.vaielettrico.it\/wp-content\/uploads\/2021\/05\/Schermata-2021-05-05-alle-16.24.18-300x250.png 300w, https:\/\/www.vaielettrico.it\/wp-content\/uploads\/2021\/05\/Schermata-2021-05-05-alle-16.24.18.png 364w\" alt=\"i paladini dell'ambiente\" width=\"300\" height=\"250\" data-reader-unique-id=\"42\" \/><figcaption data-reader-unique-id=\"43\"><em>Fatih Birol (Agenzia Internazionale dell\u2019Agenzia)<\/em><\/figcaption><\/figure>\r\n<p data-reader-unique-id=\"44\">Ricordo i sorrisi, talvolta d\u2019accondiscendenza, quando nelle riunioni me ne uscivo con considerazioni un po\u2019 fuori dal coro. Ma alla fine anche ingegneri che per secoli avevano prodotto elettricit\u00e0 solo con le turbine qualcosa mi avevano concesso. Ovvero\u00a0<strong data-reader-unique-id=\"45\">un bilancio di sostenibilit\u00e0,<\/strong>\u00a0eventi a zero emissioni\u2026 Ma soprattutto tante interviste dove un CEO piuttosto smart cominciava a smontare idee balzane come quella del<em data-reader-unique-id=\"46\">\u00a0gas sequestration<\/em>\u00a0per cominciare a parlare<strong data-reader-unique-id=\"47\">\u00a0di eolico e solare<\/strong>. Certo, erano altri tempi, ma le tematiche (e questo mi conforta) sono rimaste del tutto attuali. No anzi, sono diventate il centro politico del mondo e il summit voluto da Biden lo dimostra.\u00a0C\u2019\u00e8 un \u201cper\u00f2\u201d. E quel \u201cper\u00f2\u201d \u00e8 che qualcosa ancora non funziona,\u00a0<strong data-reader-unique-id=\"48\">qualcosa ancora non quadra.<\/strong>\u00a0Pochi giorni fa il\u00a0<em data-reader-unique-id=\"49\">Guardian<\/em>\u00a0ha pubblicato un\u2019intervista esclusiva a<a href=\"https:\/\/www.vaielettrico.it\/lagenzia-per-lenergia-ai-governi-sostenete-di-piu-lauto-elettrica\/\" data-reader-unique-id=\"50\"><strong data-reader-unique-id=\"51\">\u00a0<\/strong><\/a><strong data-reader-unique-id=\"51\">Fatih Birol,<\/strong>\u00a0direttore esecutivo dell\u2019Agenzia Internazionale dell\u2019Energia. Birol ha confermato un dato definito da lui stesso \u201c<em data-reader-unique-id=\"52\">scioccante<\/em>\u201c. Il mondo nel 2021 sta per affrontare\u00a0<strong data-reader-unique-id=\"53\">il secondo maggior incremento nelle emissioni di Co2<\/strong>\u00a0della storia. Solo nel 2010 c\u2019\u00e8 stato un picco pi\u00f9 alto.<\/p>\r\n\r\n<h2 data-reader-unique-id=\"59\">Non c\u2019\u00e8 solo la Co2: il riciclo della plastica non va<\/h2>\r\n<p data-reader-unique-id=\"60\">E cos\u00ec, da un lato i big globali dell\u2019economia si battono il petto. Dall\u2019altro (complice la ripartenza dopo lo stop nel 2020 causato dal Covid) la Terra, pur di accelerare e di tornare a produrre, si trover\u00e0 sommersa di anidride carbonica. E invece di guardare al futuro\u00a0<strong data-reader-unique-id=\"61\">torner\u00e0 indietro di 11 anni<\/strong>. Vale solo per il carbonio? No, parlando ad esempio del riciclo della plastica, l\u2019analista di Bernstein,<strong data-reader-unique-id=\"62\">\u00a0Bruno Monteyne,<\/strong>\u00a0ha calcolato che per raggiungere gli obiettivi fissati dalla UE\u00a0al 2025, la capacit\u00e0 di riciclo dovrebbe passare\u00a0<strong data-reader-unique-id=\"63\">dal 9% al 41%<\/strong>\u00a0in ciascun anno.<\/p>\r\n<p data-reader-unique-id=\"64\">In pratica ha sentenziato: scordatevi quegli obiettivi.\u00a0E\u2019 la dura legge della domanda e dell\u2019offerta. Vogliamo prodotti sempre pi\u00f9 di qualit\u00e0 al prezzo pi\u00f9 basso possibile. E<strong data-reader-unique-id=\"65\">\u00a0questo ha un costo<\/strong>. La pandemia cambier\u00e0 le cose? Avr\u00e0 costretto i consumisti di tutto il mondo a mutare il loro stile di vita? Siamo tutti pronti a rinunciare ai viaggi in aereo (le emissioni di Co2 sono calate anche per i minori spostamenti)? Siamo pronti\u00a0<strong data-reader-unique-id=\"66\">a limitare drasticamente la quantit\u00e0 di carne<\/strong>\u00a0da consumare?<\/p>\r\n\r\n<h2 data-reader-unique-id=\"67\">Non \u00e8 facile fare scelte eco, anche per viaggiare<\/h2>\r\n<p data-reader-unique-id=\"68\">Credo l\u2019interrogativo sia sempre pi\u00f9 attuale. Io nel mio piccolo mi sono imposto una piccola e graduale decrescita, ma al momento non \u00e8 cos\u00ec felice come la descrivevano. Ho fatto di recente un viaggio in macchina fino a Roma e<strong data-reader-unique-id=\"69\">\u00a0mi sentivo quasi in colpa<\/strong>\u00a0alla guida di un\u2019auto\u00a0\u201cnon-elettrica\u201d. Poi mentre guidavo mi dicevo\u00a0che con un veicolo elettrico non sarei mai riuscito a percorrere quella distanza. Di sicuro non in quei tempi. Ma la verit\u00e0 \u00e8 che anche il nostro modo di muoverci, e di programmare vacanze e business travel, deve cambiare.<\/p>\r\n<p data-reader-unique-id=\"72\">Come mai\u00a0<strong data-reader-unique-id=\"73\">le Autostrade non sono ancora disseminate di punti di ricarica?<\/strong>Perch\u00e8 mai quando ci sono le colonnine,\u00a0<strong data-reader-unique-id=\"74\">passano mesi prima che siano autorizzati gli allacci?<\/strong>\u00a0Come mai nelle riunioni di condominio non si cercano soluzioni al problema delle ricariche? E perch\u00e9 se entro in un concessionario qualsiasi la prima macchina che mi propone\u00a0<strong data-reader-unique-id=\"75\">non \u00e8 elettrica?<\/strong>\u00a0Sto cercando risposte. Nella tecnologia, nella scienza, in cui credo ciecamente. Io sono di quelli che si sarebbe offerto volontariamente per sperimentare i vaccini, per intenderci.<\/p>\r\n\r\n<h2 data-reader-unique-id=\"76\">Comprare l\u2019auto elettrica \u00e8 una scelta di campo<\/h2>\r\n<figure aria-describedby=\"caption-attachment-67362\" data-reader-unique-id=\"77\"><img decoding=\"async\" src=\"https:\/\/www.vaielettrico.it\/wp-content\/uploads\/2021\/04\/Schermata-2021-04-28-alle-11.35.39-300x203.png\" sizes=\"(max-width: 300px) 100vw, 300px\" srcset=\"https:\/\/www.vaielettrico.it\/wp-content\/uploads\/2021\/04\/Schermata-2021-04-28-alle-11.35.39-300x203.png 300w, https:\/\/www.vaielettrico.it\/wp-content\/uploads\/2021\/04\/Schermata-2021-04-28-alle-11.35.39.png 561w\" alt=\"i paladini dell'ambiente\" width=\"300\" height=\"203\" data-reader-unique-id=\"78\" \/><\/figure>\r\n<em>Il ministro alla Transizione Ecologica Roberto Cingolani, 60 anni: posizioni controverse sulle EV.<\/em>\r\n<p data-reader-unique-id=\"80\">Mi confortano le ricerche come quella recente condotta da\u00a0<strong data-reader-unique-id=\"81\">Arthur D Little.\u00a0<\/strong>Secondo la societ\u00e0 di consulenza,\u00a0una volta che i consumatori acquistano un\u2019elettrica \u00e8 molto probabile che manterranno la stessa tipologia quando sceglieranno la prossima auto. Insomma,\u00a0<strong data-reader-unique-id=\"82\">non si torna pi\u00f9 indietro.\u00a0<\/strong>Ma ancora una volta quel che conta \u00e8 darsi da fare, scegliere un veicolo divertente da guidare e che fa bene all\u2019ambiente. Su quest\u2019ultimo punto<strong data-reader-unique-id=\"83\">\u00a0il ministro Cingolani,\u00a0<\/strong>con cui ho avuto occasione di collaborare ai tempi dell\u2019IIT, intervistato da Corrado Formigli, ha spiegato che per valutare la CO2 prodotta da un veicolo elettrico bisogna considerare<strong data-reader-unique-id=\"85\">\u00a0l\u2019intero ciclo di vita del prodotto.<\/strong>\u00a0<em data-reader-unique-id=\"86\">Vaielettrico<\/em>\u00a0a questo proposito ha pubblicato decine di studi e anche su questo aspetto non ci pare ci siano pi\u00f9 dubbi. Il suo impatto \u00e8 minore di quello di un veicolo con combustibile fossile. Poi l\u2019auto elettrica \u00e8 un simbolo. Coerente o non coerente, se la prendi<strong data-reader-unique-id=\"87\">\u00a0hai fatto una scelta di campo.<\/strong>\u00a0Dai l\u2019esempio.<\/p>\r\n\r\n<h2 data-reader-unique-id=\"90\">I paladini del green\/ La morale \u00e8: se il mondo non ti sta bene, prova a modificarlo tu\u2026<\/h2>\r\n<p data-reader-unique-id=\"91\">Spesso aspettiamo dagli altri le risposte. Ma questa volta<strong data-reader-unique-id=\"92\">\u00a0le prime risposte devono arrivare dagli individui<\/strong>. Vanno bene gli obiettivi dati dai governi, sulle emissioni di Co2, sul riciclo della plastica o sugli incentivi per la mobilit\u00e0 elettrica. Vanno bene gli impegni delle case automobilistiche sui veicoli, vanno bene le strategie innovative dei colossi dell\u2019energia su idrogeno e rinnovabili. Ma si arriva a un punto in cui toccher\u00e0 agli individui.\u00a0<strong data-reader-unique-id=\"93\">Dovremo fare la nostra parte<\/strong>. E per farla serviranno informazioni certe e chiare, riflessioni ponderate. Per questo noi di<em data-reader-unique-id=\"94\">\u00a0Vaielettrico<\/em>\u00a0siamo qui. Per ci\u00f2 abbiamo dato vita a questo progetto editoriale. Come dice la \u201cbarista<strong data-reader-unique-id=\"95\">\u201d Linda Hunt<\/strong>\u00a0in<em data-reader-unique-id=\"96\">\u00a0Silverado<\/em>:\u00a0<em data-reader-unique-id=\"97\">\u201cIl mondo \u00e8 come te lo fai, amico mio. Se a te non sta bene devi modificartelo un po<\/em>\u2018\u201d.<\/p>\r\n<p data-reader-unique-id=\"6\">*Articolo pubblicato originariamente su <a href=\"https:\/\/www.vaielettrico.it\">Vaielettrico<\/a><\/p>\r\n\r\n<\/div>\r\n<\/div>\r\n<\/div>\r\n<\/div>\r\n<\/div>\r\n<\/div>\t\t\t\t\t\t\t\t<\/div>\n\t\t\t\t<\/div>\n\t\t\t\t\t<\/div>\n\t\t<\/div>\n\t\t\t\t\t<\/div>\n\t\t<\/section>\n\t\t\t\t<\/div>","protected":false},"excerpt":{"rendered":"<p>I paladini del green della prima e seconda ora. Non \u00e8 necessario essere degli ambientalisti da lungo tempo per dare un contributo. Molti trovano incoerente chi fino a ieri non mostrava alcuna sensibilit\u00e0 ecologica e oggi si fa paladino del green. Vale per le\u00a0utilities,\u00a0che alimentavano\u00a0le centrali a carbone o petrolio.\u00a0E vale per le case auto, ormai tutte pi\u00f9 o meno &hellip;<\/p>","protected":false},"author":2,"featured_media":4881,"comment_status":"open","ping_status":"open","sticky":false,"template":"post-templates\/single-layout-2.php","format":"standard","meta":{"footnotes":""},"categories":[25],"tags":[20,21,22],"class_list":["post-4471","post","type-post","status-publish","format-standard","has-post-thumbnail","hentry","category-sustainability","tag-andrea-prandi","tag-innovazione","tag-marketing"],"yoast_head":"<!-- This site is optimized with the Yoast SEO plugin v24.8.1 - https:\/\/yoast.com\/wordpress\/plugins\/seo\/ -->\n<title>I paladini del green della prima e seconda ora - Smartitaly<\/title>\n<meta name=\"robots\" content=\"index, follow, max-snippet:-1, max-image-preview:large, max-video-preview:-1\" \/>\n<link rel=\"canonical\" href=\"https:\/\/www.smartitaly.it\/en_en\/i-paladini-del-green-della-prima-e-seconda-ora\/\" \/>\n<meta property=\"og:locale\" content=\"en_GB\" \/>\n<meta property=\"og:type\" content=\"article\" \/>\n<meta property=\"og:title\" content=\"I paladini del green della prima e seconda ora - Smartitaly\" \/>\n<meta property=\"og:description\" content=\"I paladini del green della prima e seconda ora. Non \u00e8 necessario essere degli ambientalisti da lungo tempo per dare un contributo. Molti trovano incoerente chi fino a ieri non mostrava alcuna sensibilit\u00e0 ecologica e oggi si fa paladino del green. Vale per le\u00a0utilities,\u00a0che alimentavano\u00a0le centrali a carbone o petrolio.\u00a0E vale per le case auto, ormai tutte pi\u00f9 o meno &hellip;\" \/>\n<meta property=\"og:url\" content=\"https:\/\/www.smartitaly.it\/en_en\/i-paladini-del-green-della-prima-e-seconda-ora\/\" \/>\n<meta property=\"og:site_name\" content=\"Smartitaly\" \/>\n<meta property=\"article:published_time\" content=\"2021-04-04T08:54:42+00:00\" \/>\n<meta property=\"og:image\" content=\"https:\/\/www.smartitaly.it\/wp-content\/uploads\/2022\/03\/ev-verde.png\" \/>\n\t<meta property=\"og:image:width\" content=\"600\" \/>\n\t<meta property=\"og:image:height\" content=\"526\" \/>\n\t<meta property=\"og:image:type\" content=\"image\/png\" \/>\n<meta name=\"author\" content=\"smartitaly\" \/>\n<meta name=\"twitter:card\" content=\"summary_large_image\" \/>\n<meta name=\"twitter:label1\" content=\"Written by\" \/>\n\t<meta name=\"twitter:data1\" content=\"smartitaly\" \/>\n\t<meta name=\"twitter:label2\" content=\"Estimated reading time\" \/>\n\t<meta name=\"twitter:data2\" content=\"7 minutes\" \/>\n<script type=\"application\/ld+json\" class=\"yoast-schema-graph\">{\"@context\":\"https:\/\/schema.org\",\"@graph\":[{\"@type\":\"Article\",\"@id\":\"https:\/\/www.smartitaly.it\/i-paladini-del-green-della-prima-e-seconda-ora\/#article\",\"isPartOf\":{\"@id\":\"https:\/\/www.smartitaly.it\/i-paladini-del-green-della-prima-e-seconda-ora\/\"},\"author\":{\"name\":\"smartitaly\",\"@id\":\"https:\/\/www.smartitaly.it\/#\/schema\/person\/f64e21460b5a75302bde0ca04afd9d90\"},\"headline\":\"I paladini del green della prima e seconda ora\",\"datePublished\":\"2021-04-04T08:54:42+00:00\",\"mainEntityOfPage\":{\"@id\":\"https:\/\/www.smartitaly.it\/i-paladini-del-green-della-prima-e-seconda-ora\/\"},\"wordCount\":1323,\"commentCount\":0,\"publisher\":{\"@id\":\"https:\/\/www.smartitaly.it\/#organization\"},\"image\":{\"@id\":\"https:\/\/www.smartitaly.it\/i-paladini-del-green-della-prima-e-seconda-ora\/#primaryimage\"},\"thumbnailUrl\":\"https:\/\/www.smartitaly.it\/wp-content\/uploads\/2022\/03\/ev-verde.png\",\"keywords\":[\"Andrea Prandi\",\"Innovazione\",\"Marketing\"],\"articleSection\":[\"Sustainability\"],\"inLanguage\":\"en-GB\",\"potentialAction\":[{\"@type\":\"CommentAction\",\"name\":\"Comment\",\"target\":[\"https:\/\/www.smartitaly.it\/i-paladini-del-green-della-prima-e-seconda-ora\/#respond\"]}]},{\"@type\":\"WebPage\",\"@id\":\"https:\/\/www.smartitaly.it\/i-paladini-del-green-della-prima-e-seconda-ora\/\",\"url\":\"https:\/\/www.smartitaly.it\/i-paladini-del-green-della-prima-e-seconda-ora\/\",\"name\":\"I paladini del green della prima e seconda ora - Smartitaly\",\"isPartOf\":{\"@id\":\"https:\/\/www.smartitaly.it\/#website\"},\"primaryImageOfPage\":{\"@id\":\"https:\/\/www.smartitaly.it\/i-paladini-del-green-della-prima-e-seconda-ora\/#primaryimage\"},\"image\":{\"@id\":\"https:\/\/www.smartitaly.it\/i-paladini-del-green-della-prima-e-seconda-ora\/#primaryimage\"},\"thumbnailUrl\":\"https:\/\/www.smartitaly.it\/wp-content\/uploads\/2022\/03\/ev-verde.png\",\"datePublished\":\"2021-04-04T08:54:42+00:00\",\"breadcrumb\":{\"@id\":\"https:\/\/www.smartitaly.it\/i-paladini-del-green-della-prima-e-seconda-ora\/#breadcrumb\"},\"inLanguage\":\"en-GB\",\"potentialAction\":[{\"@type\":\"ReadAction\",\"target\":[\"https:\/\/www.smartitaly.it\/i-paladini-del-green-della-prima-e-seconda-ora\/\"]}]},{\"@type\":\"ImageObject\",\"inLanguage\":\"en-GB\",\"@id\":\"https:\/\/www.smartitaly.it\/i-paladini-del-green-della-prima-e-seconda-ora\/#primaryimage\",\"url\":\"https:\/\/www.smartitaly.it\/wp-content\/uploads\/2022\/03\/ev-verde.png\",\"contentUrl\":\"https:\/\/www.smartitaly.it\/wp-content\/uploads\/2022\/03\/ev-verde.png\",\"width\":600,\"height\":526},{\"@type\":\"BreadcrumbList\",\"@id\":\"https:\/\/www.smartitaly.it\/i-paladini-del-green-della-prima-e-seconda-ora\/#breadcrumb\",\"itemListElement\":[{\"@type\":\"ListItem\",\"position\":1,\"name\":\"Home\",\"item\":\"https:\/\/www.smartitaly.it\/\"},{\"@type\":\"ListItem\",\"position\":2,\"name\":\"I paladini del green della prima e seconda ora\"}]},{\"@type\":\"WebSite\",\"@id\":\"https:\/\/www.smartitaly.it\/#website\",\"url\":\"https:\/\/www.smartitaly.it\/\",\"name\":\"Smartitaly Communications\",\"description\":\"Your communication advisor\",\"publisher\":{\"@id\":\"https:\/\/www.smartitaly.it\/#organization\"},\"potentialAction\":[{\"@type\":\"SearchAction\",\"target\":{\"@type\":\"EntryPoint\",\"urlTemplate\":\"https:\/\/www.smartitaly.it\/?s={search_term_string}\"},\"query-input\":{\"@type\":\"PropertyValueSpecification\",\"valueRequired\":true,\"valueName\":\"search_term_string\"}}],\"inLanguage\":\"en-GB\"},{\"@type\":\"Organization\",\"@id\":\"https:\/\/www.smartitaly.it\/#organization\",\"name\":\"Smartitaly Communications\",\"url\":\"https:\/\/www.smartitaly.it\/\",\"logo\":{\"@type\":\"ImageObject\",\"inLanguage\":\"en-GB\",\"@id\":\"https:\/\/www.smartitaly.it\/#\/schema\/logo\/image\/\",\"url\":\"https:\/\/www.smartitaly.it\/wp-content\/uploads\/2024\/07\/Icona-Smart-Italy.png\",\"contentUrl\":\"https:\/\/www.smartitaly.it\/wp-content\/uploads\/2024\/07\/Icona-Smart-Italy.png\",\"width\":4967,\"height\":5000,\"caption\":\"Smartitaly Communications\"},\"image\":{\"@id\":\"https:\/\/www.smartitaly.it\/#\/schema\/logo\/image\/\"},\"sameAs\":[\"https:\/\/www.linkedin.com\/company\/smart-italy\/\"]},{\"@type\":\"Person\",\"@id\":\"https:\/\/www.smartitaly.it\/#\/schema\/person\/f64e21460b5a75302bde0ca04afd9d90\",\"name\":\"smartitaly\",\"image\":{\"@type\":\"ImageObject\",\"inLanguage\":\"en-GB\",\"@id\":\"https:\/\/www.smartitaly.it\/#\/schema\/person\/image\/\",\"url\":\"https:\/\/secure.gravatar.com\/avatar\/ab66c5845d6a0c7f50666815bd5920591a25085e53921762086fa794c37a8210?s=96&d=mm&r=g\",\"contentUrl\":\"https:\/\/secure.gravatar.com\/avatar\/ab66c5845d6a0c7f50666815bd5920591a25085e53921762086fa794c37a8210?s=96&d=mm&r=g\",\"caption\":\"smartitaly\"},\"url\":\"https:\/\/www.smartitaly.it\/en_en\/author\/smartitaly\/\"}]}<\/script>\n<!-- \/ Yoast SEO plugin. -->","yoast_head_json":{"title":"I paladini del green della prima e seconda ora - Smartitaly","robots":{"index":"index","follow":"follow","max-snippet":"max-snippet:-1","max-image-preview":"max-image-preview:large","max-video-preview":"max-video-preview:-1"},"canonical":"https:\/\/www.smartitaly.it\/en_en\/i-paladini-del-green-della-prima-e-seconda-ora\/","og_locale":"en_GB","og_type":"article","og_title":"I paladini del green della prima e seconda ora - Smartitaly","og_description":"I paladini del green della prima e seconda ora. Non \u00e8 necessario essere degli ambientalisti da lungo tempo per dare un contributo. Molti trovano incoerente chi fino a ieri non mostrava alcuna sensibilit\u00e0 ecologica e oggi si fa paladino del green. Vale per le\u00a0utilities,\u00a0che alimentavano\u00a0le centrali a carbone o petrolio.\u00a0E vale per le case auto, ormai tutte pi\u00f9 o meno &hellip;","og_url":"https:\/\/www.smartitaly.it\/en_en\/i-paladini-del-green-della-prima-e-seconda-ora\/","og_site_name":"Smartitaly","article_published_time":"2021-04-04T08:54:42+00:00","og_image":[{"width":600,"height":526,"url":"https:\/\/www.smartitaly.it\/wp-content\/uploads\/2022\/03\/ev-verde.png","type":"image\/png"}],"author":"smartitaly","twitter_card":"summary_large_image","twitter_misc":{"Written by":"smartitaly","Estimated reading time":"7 minutes"},"schema":{"@context":"https:\/\/schema.org","@graph":[{"@type":"Article","@id":"https:\/\/www.smartitaly.it\/i-paladini-del-green-della-prima-e-seconda-ora\/#article","isPartOf":{"@id":"https:\/\/www.smartitaly.it\/i-paladini-del-green-della-prima-e-seconda-ora\/"},"author":{"name":"smartitaly","@id":"https:\/\/www.smartitaly.it\/#\/schema\/person\/f64e21460b5a75302bde0ca04afd9d90"},"headline":"I paladini del green della prima e seconda ora","datePublished":"2021-04-04T08:54:42+00:00","mainEntityOfPage":{"@id":"https:\/\/www.smartitaly.it\/i-paladini-del-green-della-prima-e-seconda-ora\/"},"wordCount":1323,"commentCount":0,"publisher":{"@id":"https:\/\/www.smartitaly.it\/#organization"},"image":{"@id":"https:\/\/www.smartitaly.it\/i-paladini-del-green-della-prima-e-seconda-ora\/#primaryimage"},"thumbnailUrl":"https:\/\/www.smartitaly.it\/wp-content\/uploads\/2022\/03\/ev-verde.png","keywords":["Andrea Prandi","Innovazione","Marketing"],"articleSection":["Sustainability"],"inLanguage":"en-GB","potentialAction":[{"@type":"CommentAction","name":"Comment","target":["https:\/\/www.smartitaly.it\/i-paladini-del-green-della-prima-e-seconda-ora\/#respond"]}]},{"@type":"WebPage","@id":"https:\/\/www.smartitaly.it\/i-paladini-del-green-della-prima-e-seconda-ora\/","url":"https:\/\/www.smartitaly.it\/i-paladini-del-green-della-prima-e-seconda-ora\/","name":"I paladini del green della prima e seconda ora - Smartitaly","isPartOf":{"@id":"https:\/\/www.smartitaly.it\/#website"},"primaryImageOfPage":{"@id":"https:\/\/www.smartitaly.it\/i-paladini-del-green-della-prima-e-seconda-ora\/#primaryimage"},"image":{"@id":"https:\/\/www.smartitaly.it\/i-paladini-del-green-della-prima-e-seconda-ora\/#primaryimage"},"thumbnailUrl":"https:\/\/www.smartitaly.it\/wp-content\/uploads\/2022\/03\/ev-verde.png","datePublished":"2021-04-04T08:54:42+00:00","breadcrumb":{"@id":"https:\/\/www.smartitaly.it\/i-paladini-del-green-della-prima-e-seconda-ora\/#breadcrumb"},"inLanguage":"en-GB","potentialAction":[{"@type":"ReadAction","target":["https:\/\/www.smartitaly.it\/i-paladini-del-green-della-prima-e-seconda-ora\/"]}]},{"@type":"ImageObject","inLanguage":"en-GB","@id":"https:\/\/www.smartitaly.it\/i-paladini-del-green-della-prima-e-seconda-ora\/#primaryimage","url":"https:\/\/www.smartitaly.it\/wp-content\/uploads\/2022\/03\/ev-verde.png","contentUrl":"https:\/\/www.smartitaly.it\/wp-content\/uploads\/2022\/03\/ev-verde.png","width":600,"height":526},{"@type":"BreadcrumbList","@id":"https:\/\/www.smartitaly.it\/i-paladini-del-green-della-prima-e-seconda-ora\/#breadcrumb","itemListElement":[{"@type":"ListItem","position":1,"name":"Home","item":"https:\/\/www.smartitaly.it\/"},{"@type":"ListItem","position":2,"name":"I paladini del green della prima e seconda ora"}]},{"@type":"WebSite","@id":"https:\/\/www.smartitaly.it\/#website","url":"https:\/\/www.smartitaly.it\/","name":"Smartitaly Communications","description":"Your communication advisor","publisher":{"@id":"https:\/\/www.smartitaly.it\/#organization"},"potentialAction":[{"@type":"SearchAction","target":{"@type":"EntryPoint","urlTemplate":"https:\/\/www.smartitaly.it\/?s={search_term_string}"},"query-input":{"@type":"PropertyValueSpecification","valueRequired":true,"valueName":"search_term_string"}}],"inLanguage":"en-GB"},{"@type":"Organization","@id":"https:\/\/www.smartitaly.it\/#organization","name":"Smartitaly Communications","url":"https:\/\/www.smartitaly.it\/","logo":{"@type":"ImageObject","inLanguage":"en-GB","@id":"https:\/\/www.smartitaly.it\/#\/schema\/logo\/image\/","url":"https:\/\/www.smartitaly.it\/wp-content\/uploads\/2024\/07\/Icona-Smart-Italy.png","contentUrl":"https:\/\/www.smartitaly.it\/wp-content\/uploads\/2024\/07\/Icona-Smart-Italy.png","width":4967,"height":5000,"caption":"Smartitaly Communications"},"image":{"@id":"https:\/\/www.smartitaly.it\/#\/schema\/logo\/image\/"},"sameAs":["https:\/\/www.linkedin.com\/company\/smart-italy\/"]},{"@type":"Person","@id":"https:\/\/www.smartitaly.it\/#\/schema\/person\/f64e21460b5a75302bde0ca04afd9d90","name":"smartitaly","image":{"@type":"ImageObject","inLanguage":"en-GB","@id":"https:\/\/www.smartitaly.it\/#\/schema\/person\/image\/","url":"https:\/\/secure.gravatar.com\/avatar\/ab66c5845d6a0c7f50666815bd5920591a25085e53921762086fa794c37a8210?s=96&d=mm&r=g","contentUrl":"https:\/\/secure.gravatar.com\/avatar\/ab66c5845d6a0c7f50666815bd5920591a25085e53921762086fa794c37a8210?s=96&d=mm&r=g","caption":"smartitaly"},"url":"https:\/\/www.smartitaly.it\/en_en\/author\/smartitaly\/"}]}},"_links":{"self":[{"href":"https:\/\/www.smartitaly.it\/en_en\/wp-json\/wp\/v2\/posts\/4471","targetHints":{"allow":["GET"]}}],"collection":[{"href":"https:\/\/www.smartitaly.it\/en_en\/wp-json\/wp\/v2\/posts"}],"about":[{"href":"https:\/\/www.smartitaly.it\/en_en\/wp-json\/wp\/v2\/types\/post"}],"author":[{"embeddable":true,"href":"https:\/\/www.smartitaly.it\/en_en\/wp-json\/wp\/v2\/users\/2"}],"replies":[{"embeddable":true,"href":"https:\/\/www.smartitaly.it\/en_en\/wp-json\/wp\/v2\/comments?post=4471"}],"version-history":[{"count":0,"href":"https:\/\/www.smartitaly.it\/en_en\/wp-json\/wp\/v2\/posts\/4471\/revisions"}],"wp:featuredmedia":[{"embeddable":true,"href":"https:\/\/www.smartitaly.it\/en_en\/wp-json\/wp\/v2\/media\/4881"}],"wp:attachment":[{"href":"https:\/\/www.smartitaly.it\/en_en\/wp-json\/wp\/v2\/media?parent=4471"}],"wp:term":[{"taxonomy":"category","embeddable":true,"href":"https:\/\/www.smartitaly.it\/en_en\/wp-json\/wp\/v2\/categories?post=4471"},{"taxonomy":"post_tag","embeddable":true,"href":"https:\/\/www.smartitaly.it\/en_en\/wp-json\/wp\/v2\/tags?post=4471"}],"curies":[{"name":"wp","href":"https:\/\/api.w.org\/{rel}","templated":true}]}}