{"id":2507,"date":"2020-06-20T07:01:56","date_gmt":"2020-06-20T07:01:56","guid":{"rendered":"http:\/\/www.smartitaly.it\/?p=2507"},"modified":"2020-06-20T07:01:56","modified_gmt":"2020-06-20T07:01:56","slug":"vaielettrico-it-e-smartitaly-lanciano-a-modena-un-nuovo-hub-per-la-mobilita-sostenibile","status":"publish","type":"post","link":"https:\/\/www.smartitaly.it\/en_en\/vaielettrico-it-e-smartitaly-lanciano-a-modena-un-nuovo-hub-per-la-mobilita-sostenibile\/","title":{"rendered":"Vaielettrico.it e Smartitaly lanciano a Modena un nuovo hub per la mobilit\u00e0 sostenibile"},"content":{"rendered":"<p><b>Modena\u00a0<\/b>rappresenta il\u00a0<b>cuore\u00a0<\/b>della\u00a0<b>Motor Valley\u00a0<\/b>italiana, distretto industriale e culturale dell\u2019Emilia Romagna in cui hanno sede importanti marchi automobilistici e motociclistici. Un\u00a0<b>territorio\u00a0<\/b>fatto di\u00a0<b>passione<\/b>, laboriosit\u00e0 e bellezza. Da qui vogliamo dare un segnale di speranza per la ripresa dell\u2019Italia, valorizzando insieme a <strong>Vaielettrico.it<\/strong>\u00a0progetti, idee e persone che desiderano tracciare un futuro positivo per la societ\u00e0. A partire dalla mobilit\u00e0 sostenibile.<\/p>\n<p>Il piano prevede la creazione di un electric hub in grado d\u2019inserire le\u00a0<b>startup\u00a0<\/b>in un network di istituzioni, associazioni e imprese, di cui Vaielettrico.it \u00e8 diventato un punto di riferimento. Il portale verr\u00e0 supportato da Smartitaly che coordiner\u00e0 un gruppo di business angels e investitori per selezionare le proposte pi\u00f9 promettenti. L\u2019hub ha anche l\u2019intento di generare\u00a0<b>sinergie tecnologiche\u00a0<\/b>con le grandi aziende della mobilit\u00e0, in un\u2019ottica di\u00a0<b>open innovation<\/b>.<\/p>\n<p>D\u2019altronde il Covid-19 richiede un\u00a0<b>ripensamento\u00a0<\/b>del\u00a0<b>sistema di trasporto tradizionale<\/b>.\u00a0Partendo dai centri urbani,\u00a0dove i mezzi pubblici, per evitare gli affollamenti, hanno bisogno di essere affiancati da veicoli compatti, capaci di garantire spostamenti rapidi, su misura e in sicurezza. E con un occhio di riguardo per l\u2019ambiente.\u00a0La <strong>green mobility <\/strong>non \u00e8 pi\u00f9 una semplice tendenza, ma una necessit\u00e0 per ridisegnare la vita quotidiana.<\/p>","protected":false},"excerpt":{"rendered":"<p>Modena\u00a0rappresenta il\u00a0cuore\u00a0della\u00a0Motor Valley\u00a0italiana, distretto industriale e culturale dell\u2019Emilia Romagna in cui hanno sede importanti marchi automobilistici e motociclistici. Un\u00a0territorio\u00a0fatto di\u00a0passione, laboriosit\u00e0 e bellezza. Da qui vogliamo dare un segnale di speranza per la ripresa dell\u2019Italia, valorizzando insieme a Vaielettrico.it\u00a0progetti, idee e persone che desiderano tracciare un futuro positivo per la societ\u00e0. A partire dalla mobilit\u00e0 sostenibile. Il piano prevede la &hellip;<\/p>","protected":false},"author":2,"featured_media":2508,"comment_status":"closed","ping_status":"open","sticky":false,"template":"post-templates\/single-layout-2.php","format":"standard","meta":{"footnotes":""},"categories":[19],"tags":[],"class_list":["post-2507","post","type-post","status-publish","format-standard","has-post-thumbnail","hentry","category-non-categorizzato"],"yoast_head":"<!-- This site is optimized with the Yoast SEO plugin v24.8.1 - https:\/\/yoast.com\/wordpress\/plugins\/seo\/ -->\n<title>Vaielettrico.it e Smartitaly lanciano a Modena un nuovo hub per la mobilit\u00e0 sostenibile - Smartitaly<\/title>\n<meta name=\"robots\" content=\"index, follow, max-snippet:-1, max-image-preview:large, max-video-preview:-1\" \/>\n<link rel=\"canonical\" href=\"https:\/\/www.smartitaly.it\/en_en\/vaielettrico-it-e-smartitaly-lanciano-a-modena-un-nuovo-hub-per-la-mobilita-sostenibile\/\" \/>\n<meta property=\"og:locale\" content=\"en_GB\" \/>\n<meta property=\"og:type\" content=\"article\" \/>\n<meta property=\"og:title\" content=\"Vaielettrico.it e Smartitaly lanciano a Modena un nuovo hub per la mobilit\u00e0 sostenibile - Smartitaly\" \/>\n<meta property=\"og:description\" content=\"Modena\u00a0rappresenta il\u00a0cuore\u00a0della\u00a0Motor Valley\u00a0italiana, distretto industriale e culturale dell\u2019Emilia Romagna in cui hanno sede importanti marchi automobilistici e motociclistici. Un\u00a0territorio\u00a0fatto di\u00a0passione, laboriosit\u00e0 e bellezza. Da qui vogliamo dare un segnale di speranza per la ripresa dell\u2019Italia, valorizzando insieme a Vaielettrico.it\u00a0progetti, idee e persone che desiderano tracciare un futuro positivo per la societ\u00e0. A partire dalla mobilit\u00e0 sostenibile. Il piano prevede la &hellip;\" \/>\n<meta property=\"og:url\" content=\"https:\/\/www.smartitaly.it\/en_en\/vaielettrico-it-e-smartitaly-lanciano-a-modena-un-nuovo-hub-per-la-mobilita-sostenibile\/\" \/>\n<meta property=\"og:site_name\" content=\"Smartitaly\" \/>\n<meta property=\"article:published_time\" content=\"2020-06-20T07:01:56+00:00\" \/>\n<meta property=\"og:image\" content=\"https:\/\/www.smartitaly.it\/wp-content\/uploads\/2022\/05\/electric-hub-vaielettrico-1.jpg\" \/>\n\t<meta property=\"og:image:width\" content=\"600\" \/>\n\t<meta property=\"og:image:height\" content=\"526\" \/>\n\t<meta property=\"og:image:type\" content=\"image\/jpeg\" \/>\n<meta name=\"author\" content=\"smartitaly\" \/>\n<meta name=\"twitter:card\" content=\"summary_large_image\" \/>\n<meta name=\"twitter:label1\" content=\"Written by\" \/>\n\t<meta name=\"twitter:data1\" content=\"smartitaly\" \/>\n\t<meta name=\"twitter:label2\" content=\"Estimated reading time\" \/>\n\t<meta name=\"twitter:data2\" content=\"1 minute\" \/>\n<script type=\"application\/ld+json\" class=\"yoast-schema-graph\">{\"@context\":\"https:\/\/schema.org\",\"@graph\":[{\"@type\":\"Article\",\"@id\":\"https:\/\/www.smartitaly.it\/vaielettrico-it-e-smartitaly-lanciano-a-modena-un-nuovo-hub-per-la-mobilita-sostenibile\/#article\",\"isPartOf\":{\"@id\":\"https:\/\/www.smartitaly.it\/vaielettrico-it-e-smartitaly-lanciano-a-modena-un-nuovo-hub-per-la-mobilita-sostenibile\/\"},\"author\":{\"name\":\"smartitaly\",\"@id\":\"https:\/\/www.smartitaly.it\/#\/schema\/person\/f64e21460b5a75302bde0ca04afd9d90\"},\"headline\":\"Vaielettrico.it e Smartitaly lanciano a Modena un nuovo hub per la mobilit\u00e0 sostenibile\",\"datePublished\":\"2020-06-20T07:01:56+00:00\",\"mainEntityOfPage\":{\"@id\":\"https:\/\/www.smartitaly.it\/vaielettrico-it-e-smartitaly-lanciano-a-modena-un-nuovo-hub-per-la-mobilita-sostenibile\/\"},\"wordCount\":224,\"publisher\":{\"@id\":\"https:\/\/www.smartitaly.it\/#organization\"},\"image\":{\"@id\":\"https:\/\/www.smartitaly.it\/vaielettrico-it-e-smartitaly-lanciano-a-modena-un-nuovo-hub-per-la-mobilita-sostenibile\/#primaryimage\"},\"thumbnailUrl\":\"https:\/\/www.smartitaly.it\/wp-content\/uploads\/2022\/05\/electric-hub-vaielettrico-1.jpg\",\"articleSection\":[\"Non categorizzato\"],\"inLanguage\":\"en-GB\"},{\"@type\":\"WebPage\",\"@id\":\"https:\/\/www.smartitaly.it\/vaielettrico-it-e-smartitaly-lanciano-a-modena-un-nuovo-hub-per-la-mobilita-sostenibile\/\",\"url\":\"https:\/\/www.smartitaly.it\/vaielettrico-it-e-smartitaly-lanciano-a-modena-un-nuovo-hub-per-la-mobilita-sostenibile\/\",\"name\":\"Vaielettrico.it e Smartitaly lanciano a Modena un nuovo hub per la mobilit\u00e0 sostenibile - Smartitaly\",\"isPartOf\":{\"@id\":\"https:\/\/www.smartitaly.it\/#website\"},\"primaryImageOfPage\":{\"@id\":\"https:\/\/www.smartitaly.it\/vaielettrico-it-e-smartitaly-lanciano-a-modena-un-nuovo-hub-per-la-mobilita-sostenibile\/#primaryimage\"},\"image\":{\"@id\":\"https:\/\/www.smartitaly.it\/vaielettrico-it-e-smartitaly-lanciano-a-modena-un-nuovo-hub-per-la-mobilita-sostenibile\/#primaryimage\"},\"thumbnailUrl\":\"https:\/\/www.smartitaly.it\/wp-content\/uploads\/2022\/05\/electric-hub-vaielettrico-1.jpg\",\"datePublished\":\"2020-06-20T07:01:56+00:00\",\"breadcrumb\":{\"@id\":\"https:\/\/www.smartitaly.it\/vaielettrico-it-e-smartitaly-lanciano-a-modena-un-nuovo-hub-per-la-mobilita-sostenibile\/#breadcrumb\"},\"inLanguage\":\"en-GB\",\"potentialAction\":[{\"@type\":\"ReadAction\",\"target\":[\"https:\/\/www.smartitaly.it\/vaielettrico-it-e-smartitaly-lanciano-a-modena-un-nuovo-hub-per-la-mobilita-sostenibile\/\"]}]},{\"@type\":\"ImageObject\",\"inLanguage\":\"en-GB\",\"@id\":\"https:\/\/www.smartitaly.it\/vaielettrico-it-e-smartitaly-lanciano-a-modena-un-nuovo-hub-per-la-mobilita-sostenibile\/#primaryimage\",\"url\":\"https:\/\/www.smartitaly.it\/wp-content\/uploads\/2022\/05\/electric-hub-vaielettrico-1.jpg\",\"contentUrl\":\"https:\/\/www.smartitaly.it\/wp-content\/uploads\/2022\/05\/electric-hub-vaielettrico-1.jpg\",\"width\":600,\"height\":526},{\"@type\":\"BreadcrumbList\",\"@id\":\"https:\/\/www.smartitaly.it\/vaielettrico-it-e-smartitaly-lanciano-a-modena-un-nuovo-hub-per-la-mobilita-sostenibile\/#breadcrumb\",\"itemListElement\":[{\"@type\":\"ListItem\",\"position\":1,\"name\":\"Home\",\"item\":\"https:\/\/www.smartitaly.it\/\"},{\"@type\":\"ListItem\",\"position\":2,\"name\":\"Vaielettrico.it e Smartitaly lanciano a Modena un nuovo hub per la mobilit\u00e0 sostenibile\"}]},{\"@type\":\"WebSite\",\"@id\":\"https:\/\/www.smartitaly.it\/#website\",\"url\":\"https:\/\/www.smartitaly.it\/\",\"name\":\"Smartitaly Communications\",\"description\":\"Your communication advisor\",\"publisher\":{\"@id\":\"https:\/\/www.smartitaly.it\/#organization\"},\"potentialAction\":[{\"@type\":\"SearchAction\",\"target\":{\"@type\":\"EntryPoint\",\"urlTemplate\":\"https:\/\/www.smartitaly.it\/?s={search_term_string}\"},\"query-input\":{\"@type\":\"PropertyValueSpecification\",\"valueRequired\":true,\"valueName\":\"search_term_string\"}}],\"inLanguage\":\"en-GB\"},{\"@type\":\"Organization\",\"@id\":\"https:\/\/www.smartitaly.it\/#organization\",\"name\":\"Smartitaly Communications\",\"url\":\"https:\/\/www.smartitaly.it\/\",\"logo\":{\"@type\":\"ImageObject\",\"inLanguage\":\"en-GB\",\"@id\":\"https:\/\/www.smartitaly.it\/#\/schema\/logo\/image\/\",\"url\":\"https:\/\/www.smartitaly.it\/wp-content\/uploads\/2024\/07\/Icona-Smart-Italy.png\",\"contentUrl\":\"https:\/\/www.smartitaly.it\/wp-content\/uploads\/2024\/07\/Icona-Smart-Italy.png\",\"width\":4967,\"height\":5000,\"caption\":\"Smartitaly Communications\"},\"image\":{\"@id\":\"https:\/\/www.smartitaly.it\/#\/schema\/logo\/image\/\"},\"sameAs\":[\"https:\/\/www.linkedin.com\/company\/smart-italy\/\"]},{\"@type\":\"Person\",\"@id\":\"https:\/\/www.smartitaly.it\/#\/schema\/person\/f64e21460b5a75302bde0ca04afd9d90\",\"name\":\"smartitaly\",\"image\":{\"@type\":\"ImageObject\",\"inLanguage\":\"en-GB\",\"@id\":\"https:\/\/www.smartitaly.it\/#\/schema\/person\/image\/\",\"url\":\"https:\/\/secure.gravatar.com\/avatar\/ab66c5845d6a0c7f50666815bd5920591a25085e53921762086fa794c37a8210?s=96&d=mm&r=g\",\"contentUrl\":\"https:\/\/secure.gravatar.com\/avatar\/ab66c5845d6a0c7f50666815bd5920591a25085e53921762086fa794c37a8210?s=96&d=mm&r=g\",\"caption\":\"smartitaly\"},\"url\":\"https:\/\/www.smartitaly.it\/en_en\/author\/smartitaly\/\"}]}<\/script>\n<!-- \/ Yoast SEO plugin. -->","yoast_head_json":{"title":"Vaielettrico.it e Smartitaly lanciano a Modena un nuovo hub per la mobilit\u00e0 sostenibile - Smartitaly","robots":{"index":"index","follow":"follow","max-snippet":"max-snippet:-1","max-image-preview":"max-image-preview:large","max-video-preview":"max-video-preview:-1"},"canonical":"https:\/\/www.smartitaly.it\/en_en\/vaielettrico-it-e-smartitaly-lanciano-a-modena-un-nuovo-hub-per-la-mobilita-sostenibile\/","og_locale":"en_GB","og_type":"article","og_title":"Vaielettrico.it e Smartitaly lanciano a Modena un nuovo hub per la mobilit\u00e0 sostenibile - Smartitaly","og_description":"Modena\u00a0rappresenta il\u00a0cuore\u00a0della\u00a0Motor Valley\u00a0italiana, distretto industriale e culturale dell\u2019Emilia Romagna in cui hanno sede importanti marchi automobilistici e motociclistici. Un\u00a0territorio\u00a0fatto di\u00a0passione, laboriosit\u00e0 e bellezza. Da qui vogliamo dare un segnale di speranza per la ripresa dell\u2019Italia, valorizzando insieme a Vaielettrico.it\u00a0progetti, idee e persone che desiderano tracciare un futuro positivo per la societ\u00e0. A partire dalla mobilit\u00e0 sostenibile. Il piano prevede la &hellip;","og_url":"https:\/\/www.smartitaly.it\/en_en\/vaielettrico-it-e-smartitaly-lanciano-a-modena-un-nuovo-hub-per-la-mobilita-sostenibile\/","og_site_name":"Smartitaly","article_published_time":"2020-06-20T07:01:56+00:00","og_image":[{"width":600,"height":526,"url":"https:\/\/www.smartitaly.it\/wp-content\/uploads\/2022\/05\/electric-hub-vaielettrico-1.jpg","type":"image\/jpeg"}],"author":"smartitaly","twitter_card":"summary_large_image","twitter_misc":{"Written by":"smartitaly","Estimated reading time":"1 minute"},"schema":{"@context":"https:\/\/schema.org","@graph":[{"@type":"Article","@id":"https:\/\/www.smartitaly.it\/vaielettrico-it-e-smartitaly-lanciano-a-modena-un-nuovo-hub-per-la-mobilita-sostenibile\/#article","isPartOf":{"@id":"https:\/\/www.smartitaly.it\/vaielettrico-it-e-smartitaly-lanciano-a-modena-un-nuovo-hub-per-la-mobilita-sostenibile\/"},"author":{"name":"smartitaly","@id":"https:\/\/www.smartitaly.it\/#\/schema\/person\/f64e21460b5a75302bde0ca04afd9d90"},"headline":"Vaielettrico.it e Smartitaly lanciano a Modena un nuovo hub per la mobilit\u00e0 sostenibile","datePublished":"2020-06-20T07:01:56+00:00","mainEntityOfPage":{"@id":"https:\/\/www.smartitaly.it\/vaielettrico-it-e-smartitaly-lanciano-a-modena-un-nuovo-hub-per-la-mobilita-sostenibile\/"},"wordCount":224,"publisher":{"@id":"https:\/\/www.smartitaly.it\/#organization"},"image":{"@id":"https:\/\/www.smartitaly.it\/vaielettrico-it-e-smartitaly-lanciano-a-modena-un-nuovo-hub-per-la-mobilita-sostenibile\/#primaryimage"},"thumbnailUrl":"https:\/\/www.smartitaly.it\/wp-content\/uploads\/2022\/05\/electric-hub-vaielettrico-1.jpg","articleSection":["Non categorizzato"],"inLanguage":"en-GB"},{"@type":"WebPage","@id":"https:\/\/www.smartitaly.it\/vaielettrico-it-e-smartitaly-lanciano-a-modena-un-nuovo-hub-per-la-mobilita-sostenibile\/","url":"https:\/\/www.smartitaly.it\/vaielettrico-it-e-smartitaly-lanciano-a-modena-un-nuovo-hub-per-la-mobilita-sostenibile\/","name":"Vaielettrico.it e Smartitaly lanciano a Modena un nuovo hub per la mobilit\u00e0 sostenibile - Smartitaly","isPartOf":{"@id":"https:\/\/www.smartitaly.it\/#website"},"primaryImageOfPage":{"@id":"https:\/\/www.smartitaly.it\/vaielettrico-it-e-smartitaly-lanciano-a-modena-un-nuovo-hub-per-la-mobilita-sostenibile\/#primaryimage"},"image":{"@id":"https:\/\/www.smartitaly.it\/vaielettrico-it-e-smartitaly-lanciano-a-modena-un-nuovo-hub-per-la-mobilita-sostenibile\/#primaryimage"},"thumbnailUrl":"https:\/\/www.smartitaly.it\/wp-content\/uploads\/2022\/05\/electric-hub-vaielettrico-1.jpg","datePublished":"2020-06-20T07:01:56+00:00","breadcrumb":{"@id":"https:\/\/www.smartitaly.it\/vaielettrico-it-e-smartitaly-lanciano-a-modena-un-nuovo-hub-per-la-mobilita-sostenibile\/#breadcrumb"},"inLanguage":"en-GB","potentialAction":[{"@type":"ReadAction","target":["https:\/\/www.smartitaly.it\/vaielettrico-it-e-smartitaly-lanciano-a-modena-un-nuovo-hub-per-la-mobilita-sostenibile\/"]}]},{"@type":"ImageObject","inLanguage":"en-GB","@id":"https:\/\/www.smartitaly.it\/vaielettrico-it-e-smartitaly-lanciano-a-modena-un-nuovo-hub-per-la-mobilita-sostenibile\/#primaryimage","url":"https:\/\/www.smartitaly.it\/wp-content\/uploads\/2022\/05\/electric-hub-vaielettrico-1.jpg","contentUrl":"https:\/\/www.smartitaly.it\/wp-content\/uploads\/2022\/05\/electric-hub-vaielettrico-1.jpg","width":600,"height":526},{"@type":"BreadcrumbList","@id":"https:\/\/www.smartitaly.it\/vaielettrico-it-e-smartitaly-lanciano-a-modena-un-nuovo-hub-per-la-mobilita-sostenibile\/#breadcrumb","itemListElement":[{"@type":"ListItem","position":1,"name":"Home","item":"https:\/\/www.smartitaly.it\/"},{"@type":"ListItem","position":2,"name":"Vaielettrico.it e Smartitaly lanciano a Modena un nuovo hub per la mobilit\u00e0 sostenibile"}]},{"@type":"WebSite","@id":"https:\/\/www.smartitaly.it\/#website","url":"https:\/\/www.smartitaly.it\/","name":"Smartitaly Communications","description":"Your communication advisor","publisher":{"@id":"https:\/\/www.smartitaly.it\/#organization"},"potentialAction":[{"@type":"SearchAction","target":{"@type":"EntryPoint","urlTemplate":"https:\/\/www.smartitaly.it\/?s={search_term_string}"},"query-input":{"@type":"PropertyValueSpecification","valueRequired":true,"valueName":"search_term_string"}}],"inLanguage":"en-GB"},{"@type":"Organization","@id":"https:\/\/www.smartitaly.it\/#organization","name":"Smartitaly Communications","url":"https:\/\/www.smartitaly.it\/","logo":{"@type":"ImageObject","inLanguage":"en-GB","@id":"https:\/\/www.smartitaly.it\/#\/schema\/logo\/image\/","url":"https:\/\/www.smartitaly.it\/wp-content\/uploads\/2024\/07\/Icona-Smart-Italy.png","contentUrl":"https:\/\/www.smartitaly.it\/wp-content\/uploads\/2024\/07\/Icona-Smart-Italy.png","width":4967,"height":5000,"caption":"Smartitaly Communications"},"image":{"@id":"https:\/\/www.smartitaly.it\/#\/schema\/logo\/image\/"},"sameAs":["https:\/\/www.linkedin.com\/company\/smart-italy\/"]},{"@type":"Person","@id":"https:\/\/www.smartitaly.it\/#\/schema\/person\/f64e21460b5a75302bde0ca04afd9d90","name":"smartitaly","image":{"@type":"ImageObject","inLanguage":"en-GB","@id":"https:\/\/www.smartitaly.it\/#\/schema\/person\/image\/","url":"https:\/\/secure.gravatar.com\/avatar\/ab66c5845d6a0c7f50666815bd5920591a25085e53921762086fa794c37a8210?s=96&d=mm&r=g","contentUrl":"https:\/\/secure.gravatar.com\/avatar\/ab66c5845d6a0c7f50666815bd5920591a25085e53921762086fa794c37a8210?s=96&d=mm&r=g","caption":"smartitaly"},"url":"https:\/\/www.smartitaly.it\/en_en\/author\/smartitaly\/"}]}},"_links":{"self":[{"href":"https:\/\/www.smartitaly.it\/en_en\/wp-json\/wp\/v2\/posts\/2507","targetHints":{"allow":["GET"]}}],"collection":[{"href":"https:\/\/www.smartitaly.it\/en_en\/wp-json\/wp\/v2\/posts"}],"about":[{"href":"https:\/\/www.smartitaly.it\/en_en\/wp-json\/wp\/v2\/types\/post"}],"author":[{"embeddable":true,"href":"https:\/\/www.smartitaly.it\/en_en\/wp-json\/wp\/v2\/users\/2"}],"replies":[{"embeddable":true,"href":"https:\/\/www.smartitaly.it\/en_en\/wp-json\/wp\/v2\/comments?post=2507"}],"version-history":[{"count":0,"href":"https:\/\/www.smartitaly.it\/en_en\/wp-json\/wp\/v2\/posts\/2507\/revisions"}],"wp:featuredmedia":[{"embeddable":true,"href":"https:\/\/www.smartitaly.it\/en_en\/wp-json\/wp\/v2\/media\/2508"}],"wp:attachment":[{"href":"https:\/\/www.smartitaly.it\/en_en\/wp-json\/wp\/v2\/media?parent=2507"}],"wp:term":[{"taxonomy":"category","embeddable":true,"href":"https:\/\/www.smartitaly.it\/en_en\/wp-json\/wp\/v2\/categories?post=2507"},{"taxonomy":"post_tag","embeddable":true,"href":"https:\/\/www.smartitaly.it\/en_en\/wp-json\/wp\/v2\/tags?post=2507"}],"curies":[{"name":"wp","href":"https:\/\/api.w.org\/{rel}","templated":true}]}}