{"id":2501,"date":"2020-06-22T06:43:22","date_gmt":"2020-06-22T06:43:22","guid":{"rendered":"http:\/\/www.smartitaly.it\/?p=2501"},"modified":"2020-06-22T06:43:22","modified_gmt":"2020-06-22T06:43:22","slug":"fare-buona-comunicazione-ai-tempi-del-coronavirus","status":"publish","type":"post","link":"https:\/\/www.smartitaly.it\/en_en\/fare-buona-comunicazione-ai-tempi-del-coronavirus\/","title":{"rendered":"Fare buona comunicazione ai tempi del coronavirus"},"content":{"rendered":"<div class=\"field field-name-body field-type-text-with-summary field-label-hidden\">\n<div class=\"field-items\">\n<div class=\"field-item even\">\n<p>C\u2019\u00e8 un\u2019occasione storica per i professionisti della comunicazione per dare un apporto concreto al rilancio delle imprese e del nostro Paese. Ed \u00e8 un\u2019opportunit\u00e0 unica perch\u00e9 prevalgano le competenze, la seriet\u00e0 professionale, la visione strategica. Lo abbiamo visto: sembra che il\u00a0<strong>coronavirus<\/strong>\u00a0abbia resettato molti dei valori della nostra societ\u00e0 e che oggi si senta il bisogno di raccontare una storia diversa. \u00c8 anche una occasione per le<b>\u00a0<\/b><strong>aziende, piccole o grandi<\/strong>\u00a0che siano, per non disperdere quel capitale intangibile fatto di persone, idee, credibilit\u00e0, relazioni e parlare di s\u00e9 in\u00a0un modo nuovo e pi\u00f9 in linea con la fase storica in cui stiamo vivendo. I passi da fare provo a raccontarli in questo mio contributo*.<\/p>\n<h3><b>Il nodo comunicazione<\/b><\/h3>\n<p>Cominciamo dalla\u00a0<strong>comunicazione interna<\/strong>. Molte imprese stanno cambiando faccia, inventando nuovi prodotti, cercando nuovi mercati e devono anche insegnare ai collaboratori a lavorare in modo diverso, incoraggiandoli e rassicurandoli. Di pi\u00f9, devono tirare fuori da ogni collaboratore il meglio di s\u00e9, perch\u00e9 anche questa volta \u00e8 la squadra che vince.<\/p>\n<p>Gi\u00e0 da alcuni anni si era capito che valeva la pena di investire sull\u2019<em><b>employer branding<\/b><\/em>, insomma di ingaggiare di pi\u00f9 i dipendenti, perch\u00e9 anche verso l\u2019esterno sono loro il primo biglietto da visita, quelli pi\u00f9 credibili, quelli pi\u00f9 vicini ed intimi alla comunit\u00e0 in cui \u00e8 inserita l\u2019azienda, e in ultima analisi a tutti gli\u00a0<strong>stakeholder<\/strong>. In questo momento una buona comunicazione interna non \u00e8 pi\u00f9 un optional, ma si ha l\u2019impressione che manchi in alcune realt\u00e0 esperienza e quindi strategia.<\/p>\n<p>Quella della\u00a0<strong>comunicazione interna \u00e8 una professione vera<\/strong>, che crea valore e soprattutto permette di proteggere l\u2019azienda da molti rischi. Non basta cercare di tenere tutti uniti con Teams, Zoom, Skype e tanta tecnologia, formazione on line, persino corsi di ginnastica da casa. Non \u00e8 solo una questione di creativit\u00e0. Non basta nemmeno mettere dei semafori in azienda, distribuire mascherine e rispettare le regole. Ogni azienda dovr\u00e0 fare una promessa ai propri dipendenti:\u00a0<strong>vicina alla sua storia, ma anche abbastanza credibile<\/strong>\u00a0per quelle che sono le condizioni di mercato. Ci vorr\u00e0 sensibilit\u00e0 e non solo determinazione. Ci vorranno dei professionisti e non solo persone \u201cdi fiducia\u201d. Ci vorranno comunicatori capaci di usare la tecnologia, ma ci vorranno soprattutto i contenuti. La tecnologia da sola non comunica nulla e bisogna evitare l\u2019errore di partire dalle piattaforme per poi metterci i contenuti. Prima bisogna capire cosa si vuole dire e poi si decide quale \u00e8 il migliore strumento.<\/p>\n<h3><b>La sostenibilit\u00e0<\/b><\/h3>\n<p>Passiamo a un\u2019altra parola chiave: sostenibilit\u00e0. La prima responsabilit\u00e0 di un\u2019impresa \u00e8 il profitto, mi insegnava un grande imprenditore, Vittorio Merloni, uno dei pi\u00f9 amati presidenti di Confindustria. Ma il profitto, gi\u00e0 allora, non era tutto: l\u2019imprenditore voleva vedere negli occhi la felicit\u00e0 dei suoi operai e la soddisfazione delle signore che usavano le sue lavatrici. Aumentare i profitti senza prestare attenzione alla sostenibilit\u00e0, pu\u00f2 non essere la ricetta giusta per uscire dalla crisi di oggi.<\/p>\n<p>Innanzitutto, bisogna interpretare i\u00a0<strong>segnali del mercato e dei nuovi consumatori<\/strong>. Anche prima del coronavirus la domanda andava nella direzione di prodotti biologici, pi\u00f9 attenti all\u2019ambiente, nella direzione di una mobilit\u00e0 diversa, pi\u00f9 sostenibile, di maggiore rispetto e attenzione per le condizioni di lavoro, per il sociale. Oggi questa sensibilit\u00e0 \u00e8 raddoppiata, ma c\u2019\u00e8 anche l\u2019incertezza, il problema di arrivare a fine mese. E mai come oggi, da parte delle imprese, c\u2019\u00e8 anche la responsabilit\u00e0 sociale di orientare questo\u00a0<strong>consumatore smarrito e a volte nostalgico<\/strong>\u00a0verso nuove scelte pi\u00f9 razionali e sostenibili. Anche qui il ruolo della comunicazione sar\u00e0 fondamentale.<\/p>\n<p>Non sar\u00e0 semplice convincere definitivamente l\u2019opinione pubblica a scegliere la mobilit\u00e0 elettrica e sar\u00e0 ancora pi\u00f9 difficile convincerla a optare per\u00a0<strong>intelligenza artificiale e 5G.<\/strong>\u00a0Tutte le aziende, anche nei settori tradizionali, si giocheranno una partita importante nel dialogo con gli stakeholder. La sostenibilit\u00e0 che inizialmente era considerata beneficienza o poco pi\u00f9, gradualmente \u00e8 diventata una leva del top management per gestire l\u2019azienda e indirizzare gli investimenti. Oggi dopo l\u2019emergenza Covid-19 torna prepotentemente ad essere anche una leva fondamentale per la reputazione aziendale. Il modo in cui si risponde e comunica pu\u00f2 essere un fattore di successo o insuccesso.<\/p>\n<h3><b>Prendere posizione<\/b><\/h3>\n<p>Prendere posizione e scegliere cosa dire. Alla fine, dalla comunicazione l\u2019imprenditore si aspetta sempre un supporto strategico, che serve per\u00a0<strong>definire un posizionamento<\/strong>, che descrive l\u2019evoluzione dell\u2019azienda, un supporto efficiente nella promozione dei prodotti e la protezione del business (quanto ne hanno bisogno in questa epoca di fake news). Da domani, per\u00f2, non saranno gli strumenti a fare la differenza, ma la qualit\u00e0 dei contenuti e l\u2019esperienza. Non \u00e8 un caso che in questi giorni pi\u00f9 di un\u2019azienda ci abbia contattato cos\u00ec: \u201c<em>Abbiamo agenzie per i social, di pr e per la pubblicit\u00e0, vanno benissimo ma dobbiamo spiegare loro cosa dire<\/em>\u201d. Non \u00e8 una questione di coordinamento, ma di qualit\u00e0 dei contenuti.<\/p>\n<p>I social sono un ottimo strumento, ma quando sono esplosi si \u00e8 guardato pi\u00f9 ai mi piace e ai follower che a quel che si diceva. Oggi c\u2019\u00e8 grande bisogno di informazioni costruite da professionisti non da smanettoni, anche se rimane sempre importante la facilit\u00e0 dello strumento e\u00a0<strong>l\u2019esperienza di navigazione\u00a0<\/strong>(social, video, podcast continuano ad avere successo, ma servono solo se si ha chiaro cosa raccontare e se si ha il coraggio di prendere una posizione).<\/p>\n<p>Benissimo utilizzare i millennials, ma solo se sono davvero preparati. Il giovanilismo anche in comunicazione \u00e8 finito. Per di pi\u00f9, lo dico con soddisfazione avendo fatto parte qualche tempo fa dell\u2019agenda digitale, in poche settimane questa pandemia ha molto avvicinato le competenze generazionali sul digitale e quello che ormai fa la differenza \u00e8 la\u00a0<strong>capacit\u00e0 di visione, le conoscenze scientifiche ed economiche<\/strong>\u00a0e pi\u00f9 in generale la\u00a0<strong>cultura.<\/strong>\u00a0Per informare e comunicare bisogna essere colti, intelligenti e creativi. Quando si tratta di prendere una decisione da cui dipende la reputazione di un\u2019azienda anche l\u2019esperienza ha la sua ragione d\u2019essere.<\/p>\n<h3><b>Il tema dell\u2019informazione<\/b><\/h3>\n<p>La buona informazione torner\u00e0 di moda? Dai dati che abbiamo a disposizione in Smartitaly, ci risultava gi\u00e0 un recupero di fiducia verso le firme pi\u00f9 autorevoli e i leader d\u2019azienda, anche prima della pandemia. Oggi siamo tutti alla\u00a0<strong>ricerca di speranze e guide<\/strong>. Anche manager e imprenditori possono esserlo. Su Linkedin (uno degli strumenti cresciuti in modo esponenziale negli ultimi 2 mesi) possiamo percepire chi \u00e8 pi\u00f9 bravo o meglio consigliato. C\u2019\u00e8 un tema di fiducia. Per averla gli imprenditori ci devono mettere la faccia, ma non basta. Devono essere solidi, ben assistiti. Anche sul prodotto, la competenza \u00e8 la parola d\u2019ordine.<\/p>\n<p>Advocacy. Questa pandemia ci ha mostrato quanto sia importante un\u00a0<strong>dialogo trasparente e costruttivo tra imprese e istituzioni<\/strong>, soprattutto a livello territoriale. La collaborazione e la seriet\u00e0 di chi rappresenta le aziende \u00e8 decisiva per la fase II, ma anche per la III, quella che speriamo arrivi il prima possibile, in cui saranno rilanciate opere pubbliche e investimenti privati. Vogliamo pi\u00f9 velocit\u00e0 e meno procedure? Allora dobbiamo saper spiegare meglio al territorio i nostri progetti.<\/p>\n<p>Ma essere seri e professionali, per comunicare bene, in questo momento non basta. Occorre acquisire alcune doti, come pazienza, ascolto, generosit\u00e0 e saper gestire tutto il potenziale offerto dal digitale. Adesso o mai pi\u00f9: chi sbaglia a comunicare adesso, difficilmente sapr\u00e0 cogliere i vantaggi della discontinuit\u00e0. Difendersi e rimanere ancorati nella propria posizione rischia di toglierci la possibilit\u00e0 di un futuro, invece accettare la drammatica sfida di questa crisi potrebbe essere un grande vantaggio, anche per chi da challanger nel suo mercato, come spesso siamo noi italiani, dovr\u00e0 affrontare la\u00a0<strong>dura competizione globale.<\/strong><\/p>\n<p><span style=\"font-family: Arial, Helvetica, sans-serif;\">*Articolo pubblicato originariamente su <strong><a href=\"https:\/\/www.wired.it\/economia\/business\/2020\/05\/06\/comunicazione-coronavirus\/?refresh_ce=\">Wired<\/a><\/strong><\/span><\/p>\n<\/div>\n<\/div>\n<\/div>","protected":false},"excerpt":{"rendered":"<p>C\u2019\u00e8 un\u2019occasione storica per i professionisti della comunicazione per dare un apporto concreto al rilancio delle imprese e del nostro Paese. Ed \u00e8 un\u2019opportunit\u00e0 unica perch\u00e9 prevalgano le competenze, la seriet\u00e0 professionale, la visione strategica. Lo abbiamo visto: sembra che il\u00a0coronavirus\u00a0abbia resettato molti dei valori della nostra societ\u00e0 e che oggi si senta il bisogno di raccontare una storia diversa. &hellip;<\/p>","protected":false},"author":2,"featured_media":2502,"comment_status":"closed","ping_status":"open","sticky":false,"template":"","format":"standard","meta":{"footnotes":""},"categories":[18],"tags":[],"class_list":["post-2501","post","type-post","status-publish","format-standard","has-post-thumbnail","hentry","category-creative-evolution"],"yoast_head":"<!-- This site is optimized with the Yoast SEO plugin v24.8.1 - https:\/\/yoast.com\/wordpress\/plugins\/seo\/ -->\n<title>Fare buona comunicazione ai tempi del coronavirus - Smartitaly<\/title>\n<meta name=\"robots\" content=\"index, follow, max-snippet:-1, max-image-preview:large, max-video-preview:-1\" \/>\n<link rel=\"canonical\" href=\"https:\/\/www.smartitaly.it\/en_en\/fare-buona-comunicazione-ai-tempi-del-coronavirus\/\" \/>\n<meta property=\"og:locale\" content=\"en_GB\" \/>\n<meta property=\"og:type\" content=\"article\" \/>\n<meta property=\"og:title\" content=\"Fare buona comunicazione ai tempi del coronavirus - Smartitaly\" \/>\n<meta property=\"og:description\" content=\"C\u2019\u00e8 un\u2019occasione storica per i professionisti della comunicazione per dare un apporto concreto al rilancio delle imprese e del nostro Paese. Ed \u00e8 un\u2019opportunit\u00e0 unica perch\u00e9 prevalgano le competenze, la seriet\u00e0 professionale, la visione strategica. Lo abbiamo visto: sembra che il\u00a0coronavirus\u00a0abbia resettato molti dei valori della nostra societ\u00e0 e che oggi si senta il bisogno di raccontare una storia diversa. &hellip;\" \/>\n<meta property=\"og:url\" content=\"https:\/\/www.smartitaly.it\/en_en\/fare-buona-comunicazione-ai-tempi-del-coronavirus\/\" \/>\n<meta property=\"og:site_name\" content=\"Smartitaly\" \/>\n<meta property=\"article:published_time\" content=\"2020-06-22T06:43:22+00:00\" \/>\n<meta property=\"og:image\" content=\"https:\/\/www.smartitaly.it\/wp-content\/uploads\/2022\/05\/fare-buona-comunciazionne.jpg\" \/>\n\t<meta property=\"og:image:width\" content=\"600\" \/>\n\t<meta property=\"og:image:height\" content=\"526\" \/>\n\t<meta property=\"og:image:type\" content=\"image\/jpeg\" \/>\n<meta name=\"author\" content=\"smartitaly\" \/>\n<meta name=\"twitter:card\" content=\"summary_large_image\" \/>\n<meta name=\"twitter:label1\" content=\"Written by\" \/>\n\t<meta name=\"twitter:data1\" content=\"smartitaly\" \/>\n\t<meta name=\"twitter:label2\" content=\"Estimated reading time\" \/>\n\t<meta name=\"twitter:data2\" content=\"6 minutes\" \/>\n<script type=\"application\/ld+json\" class=\"yoast-schema-graph\">{\"@context\":\"https:\/\/schema.org\",\"@graph\":[{\"@type\":\"Article\",\"@id\":\"https:\/\/www.smartitaly.it\/fare-buona-comunicazione-ai-tempi-del-coronavirus\/#article\",\"isPartOf\":{\"@id\":\"https:\/\/www.smartitaly.it\/fare-buona-comunicazione-ai-tempi-del-coronavirus\/\"},\"author\":{\"name\":\"smartitaly\",\"@id\":\"https:\/\/www.smartitaly.it\/#\/schema\/person\/f64e21460b5a75302bde0ca04afd9d90\"},\"headline\":\"Fare buona comunicazione ai tempi del coronavirus\",\"datePublished\":\"2020-06-22T06:43:22+00:00\",\"mainEntityOfPage\":{\"@id\":\"https:\/\/www.smartitaly.it\/fare-buona-comunicazione-ai-tempi-del-coronavirus\/\"},\"wordCount\":1268,\"publisher\":{\"@id\":\"https:\/\/www.smartitaly.it\/#organization\"},\"image\":{\"@id\":\"https:\/\/www.smartitaly.it\/fare-buona-comunicazione-ai-tempi-del-coronavirus\/#primaryimage\"},\"thumbnailUrl\":\"https:\/\/www.smartitaly.it\/wp-content\/uploads\/2022\/05\/fare-buona-comunciazionne.jpg\",\"articleSection\":[\"Creative Evolution\"],\"inLanguage\":\"en-GB\"},{\"@type\":\"WebPage\",\"@id\":\"https:\/\/www.smartitaly.it\/fare-buona-comunicazione-ai-tempi-del-coronavirus\/\",\"url\":\"https:\/\/www.smartitaly.it\/fare-buona-comunicazione-ai-tempi-del-coronavirus\/\",\"name\":\"Fare buona comunicazione ai tempi del coronavirus - Smartitaly\",\"isPartOf\":{\"@id\":\"https:\/\/www.smartitaly.it\/#website\"},\"primaryImageOfPage\":{\"@id\":\"https:\/\/www.smartitaly.it\/fare-buona-comunicazione-ai-tempi-del-coronavirus\/#primaryimage\"},\"image\":{\"@id\":\"https:\/\/www.smartitaly.it\/fare-buona-comunicazione-ai-tempi-del-coronavirus\/#primaryimage\"},\"thumbnailUrl\":\"https:\/\/www.smartitaly.it\/wp-content\/uploads\/2022\/05\/fare-buona-comunciazionne.jpg\",\"datePublished\":\"2020-06-22T06:43:22+00:00\",\"breadcrumb\":{\"@id\":\"https:\/\/www.smartitaly.it\/fare-buona-comunicazione-ai-tempi-del-coronavirus\/#breadcrumb\"},\"inLanguage\":\"en-GB\",\"potentialAction\":[{\"@type\":\"ReadAction\",\"target\":[\"https:\/\/www.smartitaly.it\/fare-buona-comunicazione-ai-tempi-del-coronavirus\/\"]}]},{\"@type\":\"ImageObject\",\"inLanguage\":\"en-GB\",\"@id\":\"https:\/\/www.smartitaly.it\/fare-buona-comunicazione-ai-tempi-del-coronavirus\/#primaryimage\",\"url\":\"https:\/\/www.smartitaly.it\/wp-content\/uploads\/2022\/05\/fare-buona-comunciazionne.jpg\",\"contentUrl\":\"https:\/\/www.smartitaly.it\/wp-content\/uploads\/2022\/05\/fare-buona-comunciazionne.jpg\",\"width\":600,\"height\":526},{\"@type\":\"BreadcrumbList\",\"@id\":\"https:\/\/www.smartitaly.it\/fare-buona-comunicazione-ai-tempi-del-coronavirus\/#breadcrumb\",\"itemListElement\":[{\"@type\":\"ListItem\",\"position\":1,\"name\":\"Home\",\"item\":\"https:\/\/www.smartitaly.it\/\"},{\"@type\":\"ListItem\",\"position\":2,\"name\":\"Fare buona comunicazione ai tempi del coronavirus\"}]},{\"@type\":\"WebSite\",\"@id\":\"https:\/\/www.smartitaly.it\/#website\",\"url\":\"https:\/\/www.smartitaly.it\/\",\"name\":\"Smartitaly Communications\",\"description\":\"Your communication advisor\",\"publisher\":{\"@id\":\"https:\/\/www.smartitaly.it\/#organization\"},\"potentialAction\":[{\"@type\":\"SearchAction\",\"target\":{\"@type\":\"EntryPoint\",\"urlTemplate\":\"https:\/\/www.smartitaly.it\/?s={search_term_string}\"},\"query-input\":{\"@type\":\"PropertyValueSpecification\",\"valueRequired\":true,\"valueName\":\"search_term_string\"}}],\"inLanguage\":\"en-GB\"},{\"@type\":\"Organization\",\"@id\":\"https:\/\/www.smartitaly.it\/#organization\",\"name\":\"Smartitaly Communications\",\"url\":\"https:\/\/www.smartitaly.it\/\",\"logo\":{\"@type\":\"ImageObject\",\"inLanguage\":\"en-GB\",\"@id\":\"https:\/\/www.smartitaly.it\/#\/schema\/logo\/image\/\",\"url\":\"https:\/\/www.smartitaly.it\/wp-content\/uploads\/2024\/07\/Icona-Smart-Italy.png\",\"contentUrl\":\"https:\/\/www.smartitaly.it\/wp-content\/uploads\/2024\/07\/Icona-Smart-Italy.png\",\"width\":4967,\"height\":5000,\"caption\":\"Smartitaly Communications\"},\"image\":{\"@id\":\"https:\/\/www.smartitaly.it\/#\/schema\/logo\/image\/\"},\"sameAs\":[\"https:\/\/www.linkedin.com\/company\/smart-italy\/\"]},{\"@type\":\"Person\",\"@id\":\"https:\/\/www.smartitaly.it\/#\/schema\/person\/f64e21460b5a75302bde0ca04afd9d90\",\"name\":\"smartitaly\",\"image\":{\"@type\":\"ImageObject\",\"inLanguage\":\"en-GB\",\"@id\":\"https:\/\/www.smartitaly.it\/#\/schema\/person\/image\/\",\"url\":\"https:\/\/secure.gravatar.com\/avatar\/ab66c5845d6a0c7f50666815bd5920591a25085e53921762086fa794c37a8210?s=96&d=mm&r=g\",\"contentUrl\":\"https:\/\/secure.gravatar.com\/avatar\/ab66c5845d6a0c7f50666815bd5920591a25085e53921762086fa794c37a8210?s=96&d=mm&r=g\",\"caption\":\"smartitaly\"},\"url\":\"https:\/\/www.smartitaly.it\/en_en\/author\/smartitaly\/\"}]}<\/script>\n<!-- \/ Yoast SEO plugin. -->","yoast_head_json":{"title":"Fare buona comunicazione ai tempi del coronavirus - Smartitaly","robots":{"index":"index","follow":"follow","max-snippet":"max-snippet:-1","max-image-preview":"max-image-preview:large","max-video-preview":"max-video-preview:-1"},"canonical":"https:\/\/www.smartitaly.it\/en_en\/fare-buona-comunicazione-ai-tempi-del-coronavirus\/","og_locale":"en_GB","og_type":"article","og_title":"Fare buona comunicazione ai tempi del coronavirus - Smartitaly","og_description":"C\u2019\u00e8 un\u2019occasione storica per i professionisti della comunicazione per dare un apporto concreto al rilancio delle imprese e del nostro Paese. Ed \u00e8 un\u2019opportunit\u00e0 unica perch\u00e9 prevalgano le competenze, la seriet\u00e0 professionale, la visione strategica. Lo abbiamo visto: sembra che il\u00a0coronavirus\u00a0abbia resettato molti dei valori della nostra societ\u00e0 e che oggi si senta il bisogno di raccontare una storia diversa. &hellip;","og_url":"https:\/\/www.smartitaly.it\/en_en\/fare-buona-comunicazione-ai-tempi-del-coronavirus\/","og_site_name":"Smartitaly","article_published_time":"2020-06-22T06:43:22+00:00","og_image":[{"width":600,"height":526,"url":"https:\/\/www.smartitaly.it\/wp-content\/uploads\/2022\/05\/fare-buona-comunciazionne.jpg","type":"image\/jpeg"}],"author":"smartitaly","twitter_card":"summary_large_image","twitter_misc":{"Written by":"smartitaly","Estimated reading time":"6 minutes"},"schema":{"@context":"https:\/\/schema.org","@graph":[{"@type":"Article","@id":"https:\/\/www.smartitaly.it\/fare-buona-comunicazione-ai-tempi-del-coronavirus\/#article","isPartOf":{"@id":"https:\/\/www.smartitaly.it\/fare-buona-comunicazione-ai-tempi-del-coronavirus\/"},"author":{"name":"smartitaly","@id":"https:\/\/www.smartitaly.it\/#\/schema\/person\/f64e21460b5a75302bde0ca04afd9d90"},"headline":"Fare buona comunicazione ai tempi del coronavirus","datePublished":"2020-06-22T06:43:22+00:00","mainEntityOfPage":{"@id":"https:\/\/www.smartitaly.it\/fare-buona-comunicazione-ai-tempi-del-coronavirus\/"},"wordCount":1268,"publisher":{"@id":"https:\/\/www.smartitaly.it\/#organization"},"image":{"@id":"https:\/\/www.smartitaly.it\/fare-buona-comunicazione-ai-tempi-del-coronavirus\/#primaryimage"},"thumbnailUrl":"https:\/\/www.smartitaly.it\/wp-content\/uploads\/2022\/05\/fare-buona-comunciazionne.jpg","articleSection":["Creative Evolution"],"inLanguage":"en-GB"},{"@type":"WebPage","@id":"https:\/\/www.smartitaly.it\/fare-buona-comunicazione-ai-tempi-del-coronavirus\/","url":"https:\/\/www.smartitaly.it\/fare-buona-comunicazione-ai-tempi-del-coronavirus\/","name":"Fare buona comunicazione ai tempi del coronavirus - Smartitaly","isPartOf":{"@id":"https:\/\/www.smartitaly.it\/#website"},"primaryImageOfPage":{"@id":"https:\/\/www.smartitaly.it\/fare-buona-comunicazione-ai-tempi-del-coronavirus\/#primaryimage"},"image":{"@id":"https:\/\/www.smartitaly.it\/fare-buona-comunicazione-ai-tempi-del-coronavirus\/#primaryimage"},"thumbnailUrl":"https:\/\/www.smartitaly.it\/wp-content\/uploads\/2022\/05\/fare-buona-comunciazionne.jpg","datePublished":"2020-06-22T06:43:22+00:00","breadcrumb":{"@id":"https:\/\/www.smartitaly.it\/fare-buona-comunicazione-ai-tempi-del-coronavirus\/#breadcrumb"},"inLanguage":"en-GB","potentialAction":[{"@type":"ReadAction","target":["https:\/\/www.smartitaly.it\/fare-buona-comunicazione-ai-tempi-del-coronavirus\/"]}]},{"@type":"ImageObject","inLanguage":"en-GB","@id":"https:\/\/www.smartitaly.it\/fare-buona-comunicazione-ai-tempi-del-coronavirus\/#primaryimage","url":"https:\/\/www.smartitaly.it\/wp-content\/uploads\/2022\/05\/fare-buona-comunciazionne.jpg","contentUrl":"https:\/\/www.smartitaly.it\/wp-content\/uploads\/2022\/05\/fare-buona-comunciazionne.jpg","width":600,"height":526},{"@type":"BreadcrumbList","@id":"https:\/\/www.smartitaly.it\/fare-buona-comunicazione-ai-tempi-del-coronavirus\/#breadcrumb","itemListElement":[{"@type":"ListItem","position":1,"name":"Home","item":"https:\/\/www.smartitaly.it\/"},{"@type":"ListItem","position":2,"name":"Fare buona comunicazione ai tempi del coronavirus"}]},{"@type":"WebSite","@id":"https:\/\/www.smartitaly.it\/#website","url":"https:\/\/www.smartitaly.it\/","name":"Smartitaly Communications","description":"Your communication advisor","publisher":{"@id":"https:\/\/www.smartitaly.it\/#organization"},"potentialAction":[{"@type":"SearchAction","target":{"@type":"EntryPoint","urlTemplate":"https:\/\/www.smartitaly.it\/?s={search_term_string}"},"query-input":{"@type":"PropertyValueSpecification","valueRequired":true,"valueName":"search_term_string"}}],"inLanguage":"en-GB"},{"@type":"Organization","@id":"https:\/\/www.smartitaly.it\/#organization","name":"Smartitaly Communications","url":"https:\/\/www.smartitaly.it\/","logo":{"@type":"ImageObject","inLanguage":"en-GB","@id":"https:\/\/www.smartitaly.it\/#\/schema\/logo\/image\/","url":"https:\/\/www.smartitaly.it\/wp-content\/uploads\/2024\/07\/Icona-Smart-Italy.png","contentUrl":"https:\/\/www.smartitaly.it\/wp-content\/uploads\/2024\/07\/Icona-Smart-Italy.png","width":4967,"height":5000,"caption":"Smartitaly Communications"},"image":{"@id":"https:\/\/www.smartitaly.it\/#\/schema\/logo\/image\/"},"sameAs":["https:\/\/www.linkedin.com\/company\/smart-italy\/"]},{"@type":"Person","@id":"https:\/\/www.smartitaly.it\/#\/schema\/person\/f64e21460b5a75302bde0ca04afd9d90","name":"smartitaly","image":{"@type":"ImageObject","inLanguage":"en-GB","@id":"https:\/\/www.smartitaly.it\/#\/schema\/person\/image\/","url":"https:\/\/secure.gravatar.com\/avatar\/ab66c5845d6a0c7f50666815bd5920591a25085e53921762086fa794c37a8210?s=96&d=mm&r=g","contentUrl":"https:\/\/secure.gravatar.com\/avatar\/ab66c5845d6a0c7f50666815bd5920591a25085e53921762086fa794c37a8210?s=96&d=mm&r=g","caption":"smartitaly"},"url":"https:\/\/www.smartitaly.it\/en_en\/author\/smartitaly\/"}]}},"_links":{"self":[{"href":"https:\/\/www.smartitaly.it\/en_en\/wp-json\/wp\/v2\/posts\/2501","targetHints":{"allow":["GET"]}}],"collection":[{"href":"https:\/\/www.smartitaly.it\/en_en\/wp-json\/wp\/v2\/posts"}],"about":[{"href":"https:\/\/www.smartitaly.it\/en_en\/wp-json\/wp\/v2\/types\/post"}],"author":[{"embeddable":true,"href":"https:\/\/www.smartitaly.it\/en_en\/wp-json\/wp\/v2\/users\/2"}],"replies":[{"embeddable":true,"href":"https:\/\/www.smartitaly.it\/en_en\/wp-json\/wp\/v2\/comments?post=2501"}],"version-history":[{"count":0,"href":"https:\/\/www.smartitaly.it\/en_en\/wp-json\/wp\/v2\/posts\/2501\/revisions"}],"wp:featuredmedia":[{"embeddable":true,"href":"https:\/\/www.smartitaly.it\/en_en\/wp-json\/wp\/v2\/media\/2502"}],"wp:attachment":[{"href":"https:\/\/www.smartitaly.it\/en_en\/wp-json\/wp\/v2\/media?parent=2501"}],"wp:term":[{"taxonomy":"category","embeddable":true,"href":"https:\/\/www.smartitaly.it\/en_en\/wp-json\/wp\/v2\/categories?post=2501"},{"taxonomy":"post_tag","embeddable":true,"href":"https:\/\/www.smartitaly.it\/en_en\/wp-json\/wp\/v2\/tags?post=2501"}],"curies":[{"name":"wp","href":"https:\/\/api.w.org\/{rel}","templated":true}]}}