{"id":2317,"date":"2021-05-06T08:55:15","date_gmt":"2021-05-06T08:55:15","guid":{"rendered":"http:\/\/www.smartitaly.it\/?p=2317"},"modified":"2021-05-06T08:55:15","modified_gmt":"2021-05-06T08:55:15","slug":"a-smartitaly-le-attivita-di-corporate-identity-e-media-relations-di-dema","status":"publish","type":"post","link":"https:\/\/www.smartitaly.it\/en_en\/a-smartitaly-le-attivita-di-corporate-identity-e-media-relations-di-dema\/","title":{"rendered":"A Smartitaly le attivit\u00e0 di corporate identity e media relations di Dema"},"content":{"rendered":"<div class=\"field field-name-body field-type-text-with-summary field-label-hidden\">\n<div class=\"field-items\">\n<div class=\"field-item even\">\n<p><strong>Smartitaly<\/strong>, societ\u00e0 di consulenza strategica e comunicazione di\u00a0<strong>Andrea Prandi<\/strong>, e\u00a0<a href=\"https:\/\/www.demaspa.it\"><strong>Dema<\/strong><\/a>, societ\u00e0 italiana attiva nel settore aerospaziale\u00a0guidata dall\u2019amministratore delegato\u00a0<strong>Renato Vaghi,<\/strong>\u00a0hanno annunciato un accordo di collaborazione.<\/p>\n<p>Smartitaly si occuper\u00e0 delle attivit\u00e0 di consulenza, comunicazione, ufficio stampa, oltre che del posizionamento del brand Dema sui mercati.<\/p>\n<p>Dema, fondata a Napoli nel 1993, \u00e8 specializzata nella progettazione, industrializzazione, produzione e assemblaggio di componenti per velivoli. Tra i suoi clienti Leonardo, Boeing, Bombardier, Stelia, Strata, Avio, IAI. I suoi componenti sono oggi presenti su aeromobili commerciali che trasportano milioni di passeggeri, cos\u00ec come su business jet, elicotteri e lanciatori.<\/p>\n<p>Dema, che nei suoi 4 stabilimenti in Campania e in Puglia, occupa circa 700 persone, dopo aver superato una difficile fase di ristrutturazione, in piena pandemia, oggi \u00e8 pronta al rilancio.\u00a0\u00a0Le competenze e il\u00a0<strong>know-how<\/strong>\u00a0maturato in 25 anni di attivit\u00e0 da Dema, anche alla luce di un periodo di profonde trasformazioni nel mondo aerospaziale, sono pronti per essere declinati anche in nuovi settori, dai servizi di engineering alla green economy, in Italia e all\u2019estero.<\/p>\n<p>Smartitaly, in linea con la propria missione a supporto dell\u2019industria e della tecnologia italiana, rafforza cos\u00ec la propria presenza in uno dei settori strategici per il Paese, quello dell\u2019aerospazio, dove l\u2019obiettivo sar\u00e0 proprio quello di valorizzare le competenze italiane in questo settore.<\/p>\n<p><strong>Renato Vaghi, CEO di Dema,\u00a0<\/strong>commenta: \u201c<em>L\u2019ultimo anno \u00e8 stato tra i pi\u00f9 difficili per l\u2019economia mondiale e per l\u2019aviazione commerciale, in conseguenza dell\u2019emergenza sanitaria. Molte produzioni hanno rallentato, quasi al punto di fermarsi e ci vorr\u00e0 ancora tempo prima che si torni alla normalit\u00e0. Ma la crisi offre nuove opportunit\u00e0, nuovi mercati. Abbiamo conservato un know-how importante e una capacit\u00e0 produttiva e di progettazione che oggi possono essere valorizzate anche attraverso una buona comunicazione e una buona strategia di brand. Smartitaly sar\u00e0 il nostro advisor su questi temi\u201d.<\/em><\/p>\n<p><strong>Andrea Prandi, CEO e fondatore di Smartitaly,<\/strong>\u00a0commenta: \u201c<em>Siamo entusiasti di poter annunciare questa partnership con un\u2019azienda strategica nel panorama aeronautico italiano come Dema. Siamo esperti della comunicazione nei settori dove la tecnologia \u00e8 decisiva, come l\u2019energia, la mobilit\u00e0 l\u2019aerospazio, il digitale o il settore farmaceutico. Pi\u00f9 in generale siamo vicini alle aziende che vogliono cavalcare il cambiamento e non subirlo, indirizzandole sulle opportune strategie di comunicazione e brand e di dialogo con comunit\u00e0 e territorio\u201d.\u00a0<\/em><\/p>\n<\/div>\n<\/div>\n<\/div>","protected":false},"excerpt":{"rendered":"<p>Smartitaly, societ\u00e0 di consulenza strategica e comunicazione di\u00a0Andrea Prandi, e\u00a0Dema, societ\u00e0 italiana attiva nel settore aerospaziale\u00a0guidata dall\u2019amministratore delegato\u00a0Renato Vaghi,\u00a0hanno annunciato un accordo di collaborazione. Smartitaly si occuper\u00e0 delle attivit\u00e0 di consulenza, comunicazione, ufficio stampa, oltre che del posizionamento del brand Dema sui mercati. Dema, fondata a Napoli nel 1993, \u00e8 specializzata nella progettazione, industrializzazione, produzione e assemblaggio di componenti per &hellip;<\/p>","protected":false},"author":2,"featured_media":2318,"comment_status":"closed","ping_status":"open","sticky":false,"template":"","format":"standard","meta":{"footnotes":""},"categories":[26],"tags":[],"class_list":["post-2317","post","type-post","status-publish","format-standard","has-post-thumbnail","hentry","category-strategic-communications"],"yoast_head":"<!-- This site is optimized with the Yoast SEO plugin v24.8.1 - https:\/\/yoast.com\/wordpress\/plugins\/seo\/ -->\n<title>A Smartitaly le attivit\u00e0 di corporate identity e media relations di Dema - Smartitaly<\/title>\n<meta name=\"robots\" content=\"index, follow, max-snippet:-1, max-image-preview:large, max-video-preview:-1\" \/>\n<link rel=\"canonical\" href=\"https:\/\/www.smartitaly.it\/en_en\/a-smartitaly-le-attivita-di-corporate-identity-e-media-relations-di-dema\/\" \/>\n<meta property=\"og:locale\" content=\"en_GB\" \/>\n<meta property=\"og:type\" content=\"article\" \/>\n<meta property=\"og:title\" content=\"A Smartitaly le attivit\u00e0 di corporate identity e media relations di Dema - Smartitaly\" \/>\n<meta property=\"og:description\" content=\"Smartitaly, societ\u00e0 di consulenza strategica e comunicazione di\u00a0Andrea Prandi, e\u00a0Dema, societ\u00e0 italiana attiva nel settore aerospaziale\u00a0guidata dall\u2019amministratore delegato\u00a0Renato Vaghi,\u00a0hanno annunciato un accordo di collaborazione. Smartitaly si occuper\u00e0 delle attivit\u00e0 di consulenza, comunicazione, ufficio stampa, oltre che del posizionamento del brand Dema sui mercati. Dema, fondata a Napoli nel 1993, \u00e8 specializzata nella progettazione, industrializzazione, produzione e assemblaggio di componenti per &hellip;\" \/>\n<meta property=\"og:url\" content=\"https:\/\/www.smartitaly.it\/en_en\/a-smartitaly-le-attivita-di-corporate-identity-e-media-relations-di-dema\/\" \/>\n<meta property=\"og:site_name\" content=\"Smartitaly\" \/>\n<meta property=\"article:published_time\" content=\"2021-05-06T08:55:15+00:00\" \/>\n<meta property=\"og:image\" content=\"https:\/\/www.smartitaly.it\/wp-content\/uploads\/2022\/05\/plane-841441_960_720.jpg\" \/>\n\t<meta property=\"og:image:width\" content=\"600\" \/>\n\t<meta property=\"og:image:height\" content=\"526\" \/>\n\t<meta property=\"og:image:type\" content=\"image\/jpeg\" \/>\n<meta name=\"author\" content=\"smartitaly\" \/>\n<meta name=\"twitter:card\" content=\"summary_large_image\" \/>\n<meta name=\"twitter:label1\" content=\"Written by\" \/>\n\t<meta name=\"twitter:data1\" content=\"smartitaly\" \/>\n\t<meta name=\"twitter:label2\" content=\"Estimated reading time\" \/>\n\t<meta name=\"twitter:data2\" content=\"2 minutes\" \/>\n<script type=\"application\/ld+json\" class=\"yoast-schema-graph\">{\"@context\":\"https:\/\/schema.org\",\"@graph\":[{\"@type\":\"Article\",\"@id\":\"https:\/\/www.smartitaly.it\/a-smartitaly-le-attivita-di-corporate-identity-e-media-relations-di-dema\/#article\",\"isPartOf\":{\"@id\":\"https:\/\/www.smartitaly.it\/a-smartitaly-le-attivita-di-corporate-identity-e-media-relations-di-dema\/\"},\"author\":{\"name\":\"smartitaly\",\"@id\":\"https:\/\/www.smartitaly.it\/#\/schema\/person\/f64e21460b5a75302bde0ca04afd9d90\"},\"headline\":\"A Smartitaly le attivit\u00e0 di corporate identity e media relations di Dema\",\"datePublished\":\"2021-05-06T08:55:15+00:00\",\"mainEntityOfPage\":{\"@id\":\"https:\/\/www.smartitaly.it\/a-smartitaly-le-attivita-di-corporate-identity-e-media-relations-di-dema\/\"},\"wordCount\":398,\"publisher\":{\"@id\":\"https:\/\/www.smartitaly.it\/#organization\"},\"image\":{\"@id\":\"https:\/\/www.smartitaly.it\/a-smartitaly-le-attivita-di-corporate-identity-e-media-relations-di-dema\/#primaryimage\"},\"thumbnailUrl\":\"https:\/\/www.smartitaly.it\/wp-content\/uploads\/2022\/05\/plane-841441_960_720.jpg\",\"articleSection\":[\"Strategic Communications\"],\"inLanguage\":\"en-GB\"},{\"@type\":\"WebPage\",\"@id\":\"https:\/\/www.smartitaly.it\/a-smartitaly-le-attivita-di-corporate-identity-e-media-relations-di-dema\/\",\"url\":\"https:\/\/www.smartitaly.it\/a-smartitaly-le-attivita-di-corporate-identity-e-media-relations-di-dema\/\",\"name\":\"A Smartitaly le attivit\u00e0 di corporate identity e media relations di Dema - Smartitaly\",\"isPartOf\":{\"@id\":\"https:\/\/www.smartitaly.it\/#website\"},\"primaryImageOfPage\":{\"@id\":\"https:\/\/www.smartitaly.it\/a-smartitaly-le-attivita-di-corporate-identity-e-media-relations-di-dema\/#primaryimage\"},\"image\":{\"@id\":\"https:\/\/www.smartitaly.it\/a-smartitaly-le-attivita-di-corporate-identity-e-media-relations-di-dema\/#primaryimage\"},\"thumbnailUrl\":\"https:\/\/www.smartitaly.it\/wp-content\/uploads\/2022\/05\/plane-841441_960_720.jpg\",\"datePublished\":\"2021-05-06T08:55:15+00:00\",\"breadcrumb\":{\"@id\":\"https:\/\/www.smartitaly.it\/a-smartitaly-le-attivita-di-corporate-identity-e-media-relations-di-dema\/#breadcrumb\"},\"inLanguage\":\"en-GB\",\"potentialAction\":[{\"@type\":\"ReadAction\",\"target\":[\"https:\/\/www.smartitaly.it\/a-smartitaly-le-attivita-di-corporate-identity-e-media-relations-di-dema\/\"]}]},{\"@type\":\"ImageObject\",\"inLanguage\":\"en-GB\",\"@id\":\"https:\/\/www.smartitaly.it\/a-smartitaly-le-attivita-di-corporate-identity-e-media-relations-di-dema\/#primaryimage\",\"url\":\"https:\/\/www.smartitaly.it\/wp-content\/uploads\/2022\/05\/plane-841441_960_720.jpg\",\"contentUrl\":\"https:\/\/www.smartitaly.it\/wp-content\/uploads\/2022\/05\/plane-841441_960_720.jpg\",\"width\":600,\"height\":526},{\"@type\":\"BreadcrumbList\",\"@id\":\"https:\/\/www.smartitaly.it\/a-smartitaly-le-attivita-di-corporate-identity-e-media-relations-di-dema\/#breadcrumb\",\"itemListElement\":[{\"@type\":\"ListItem\",\"position\":1,\"name\":\"Home\",\"item\":\"https:\/\/www.smartitaly.it\/\"},{\"@type\":\"ListItem\",\"position\":2,\"name\":\"A Smartitaly le attivit\u00e0 di corporate identity e media relations di Dema\"}]},{\"@type\":\"WebSite\",\"@id\":\"https:\/\/www.smartitaly.it\/#website\",\"url\":\"https:\/\/www.smartitaly.it\/\",\"name\":\"Smartitaly Communications\",\"description\":\"Your communication advisor\",\"publisher\":{\"@id\":\"https:\/\/www.smartitaly.it\/#organization\"},\"potentialAction\":[{\"@type\":\"SearchAction\",\"target\":{\"@type\":\"EntryPoint\",\"urlTemplate\":\"https:\/\/www.smartitaly.it\/?s={search_term_string}\"},\"query-input\":{\"@type\":\"PropertyValueSpecification\",\"valueRequired\":true,\"valueName\":\"search_term_string\"}}],\"inLanguage\":\"en-GB\"},{\"@type\":\"Organization\",\"@id\":\"https:\/\/www.smartitaly.it\/#organization\",\"name\":\"Smartitaly Communications\",\"url\":\"https:\/\/www.smartitaly.it\/\",\"logo\":{\"@type\":\"ImageObject\",\"inLanguage\":\"en-GB\",\"@id\":\"https:\/\/www.smartitaly.it\/#\/schema\/logo\/image\/\",\"url\":\"https:\/\/www.smartitaly.it\/wp-content\/uploads\/2024\/07\/Icona-Smart-Italy.png\",\"contentUrl\":\"https:\/\/www.smartitaly.it\/wp-content\/uploads\/2024\/07\/Icona-Smart-Italy.png\",\"width\":4967,\"height\":5000,\"caption\":\"Smartitaly Communications\"},\"image\":{\"@id\":\"https:\/\/www.smartitaly.it\/#\/schema\/logo\/image\/\"},\"sameAs\":[\"https:\/\/www.linkedin.com\/company\/smart-italy\/\"]},{\"@type\":\"Person\",\"@id\":\"https:\/\/www.smartitaly.it\/#\/schema\/person\/f64e21460b5a75302bde0ca04afd9d90\",\"name\":\"smartitaly\",\"image\":{\"@type\":\"ImageObject\",\"inLanguage\":\"en-GB\",\"@id\":\"https:\/\/www.smartitaly.it\/#\/schema\/person\/image\/\",\"url\":\"https:\/\/secure.gravatar.com\/avatar\/ab66c5845d6a0c7f50666815bd5920591a25085e53921762086fa794c37a8210?s=96&d=mm&r=g\",\"contentUrl\":\"https:\/\/secure.gravatar.com\/avatar\/ab66c5845d6a0c7f50666815bd5920591a25085e53921762086fa794c37a8210?s=96&d=mm&r=g\",\"caption\":\"smartitaly\"},\"url\":\"https:\/\/www.smartitaly.it\/en_en\/author\/smartitaly\/\"}]}<\/script>\n<!-- \/ Yoast SEO plugin. -->","yoast_head_json":{"title":"A Smartitaly le attivit\u00e0 di corporate identity e media relations di Dema - Smartitaly","robots":{"index":"index","follow":"follow","max-snippet":"max-snippet:-1","max-image-preview":"max-image-preview:large","max-video-preview":"max-video-preview:-1"},"canonical":"https:\/\/www.smartitaly.it\/en_en\/a-smartitaly-le-attivita-di-corporate-identity-e-media-relations-di-dema\/","og_locale":"en_GB","og_type":"article","og_title":"A Smartitaly le attivit\u00e0 di corporate identity e media relations di Dema - Smartitaly","og_description":"Smartitaly, societ\u00e0 di consulenza strategica e comunicazione di\u00a0Andrea Prandi, e\u00a0Dema, societ\u00e0 italiana attiva nel settore aerospaziale\u00a0guidata dall\u2019amministratore delegato\u00a0Renato Vaghi,\u00a0hanno annunciato un accordo di collaborazione. Smartitaly si occuper\u00e0 delle attivit\u00e0 di consulenza, comunicazione, ufficio stampa, oltre che del posizionamento del brand Dema sui mercati. Dema, fondata a Napoli nel 1993, \u00e8 specializzata nella progettazione, industrializzazione, produzione e assemblaggio di componenti per &hellip;","og_url":"https:\/\/www.smartitaly.it\/en_en\/a-smartitaly-le-attivita-di-corporate-identity-e-media-relations-di-dema\/","og_site_name":"Smartitaly","article_published_time":"2021-05-06T08:55:15+00:00","og_image":[{"width":600,"height":526,"url":"https:\/\/www.smartitaly.it\/wp-content\/uploads\/2022\/05\/plane-841441_960_720.jpg","type":"image\/jpeg"}],"author":"smartitaly","twitter_card":"summary_large_image","twitter_misc":{"Written by":"smartitaly","Estimated reading time":"2 minutes"},"schema":{"@context":"https:\/\/schema.org","@graph":[{"@type":"Article","@id":"https:\/\/www.smartitaly.it\/a-smartitaly-le-attivita-di-corporate-identity-e-media-relations-di-dema\/#article","isPartOf":{"@id":"https:\/\/www.smartitaly.it\/a-smartitaly-le-attivita-di-corporate-identity-e-media-relations-di-dema\/"},"author":{"name":"smartitaly","@id":"https:\/\/www.smartitaly.it\/#\/schema\/person\/f64e21460b5a75302bde0ca04afd9d90"},"headline":"A Smartitaly le attivit\u00e0 di corporate identity e media relations di Dema","datePublished":"2021-05-06T08:55:15+00:00","mainEntityOfPage":{"@id":"https:\/\/www.smartitaly.it\/a-smartitaly-le-attivita-di-corporate-identity-e-media-relations-di-dema\/"},"wordCount":398,"publisher":{"@id":"https:\/\/www.smartitaly.it\/#organization"},"image":{"@id":"https:\/\/www.smartitaly.it\/a-smartitaly-le-attivita-di-corporate-identity-e-media-relations-di-dema\/#primaryimage"},"thumbnailUrl":"https:\/\/www.smartitaly.it\/wp-content\/uploads\/2022\/05\/plane-841441_960_720.jpg","articleSection":["Strategic Communications"],"inLanguage":"en-GB"},{"@type":"WebPage","@id":"https:\/\/www.smartitaly.it\/a-smartitaly-le-attivita-di-corporate-identity-e-media-relations-di-dema\/","url":"https:\/\/www.smartitaly.it\/a-smartitaly-le-attivita-di-corporate-identity-e-media-relations-di-dema\/","name":"A Smartitaly le attivit\u00e0 di corporate identity e media relations di Dema - Smartitaly","isPartOf":{"@id":"https:\/\/www.smartitaly.it\/#website"},"primaryImageOfPage":{"@id":"https:\/\/www.smartitaly.it\/a-smartitaly-le-attivita-di-corporate-identity-e-media-relations-di-dema\/#primaryimage"},"image":{"@id":"https:\/\/www.smartitaly.it\/a-smartitaly-le-attivita-di-corporate-identity-e-media-relations-di-dema\/#primaryimage"},"thumbnailUrl":"https:\/\/www.smartitaly.it\/wp-content\/uploads\/2022\/05\/plane-841441_960_720.jpg","datePublished":"2021-05-06T08:55:15+00:00","breadcrumb":{"@id":"https:\/\/www.smartitaly.it\/a-smartitaly-le-attivita-di-corporate-identity-e-media-relations-di-dema\/#breadcrumb"},"inLanguage":"en-GB","potentialAction":[{"@type":"ReadAction","target":["https:\/\/www.smartitaly.it\/a-smartitaly-le-attivita-di-corporate-identity-e-media-relations-di-dema\/"]}]},{"@type":"ImageObject","inLanguage":"en-GB","@id":"https:\/\/www.smartitaly.it\/a-smartitaly-le-attivita-di-corporate-identity-e-media-relations-di-dema\/#primaryimage","url":"https:\/\/www.smartitaly.it\/wp-content\/uploads\/2022\/05\/plane-841441_960_720.jpg","contentUrl":"https:\/\/www.smartitaly.it\/wp-content\/uploads\/2022\/05\/plane-841441_960_720.jpg","width":600,"height":526},{"@type":"BreadcrumbList","@id":"https:\/\/www.smartitaly.it\/a-smartitaly-le-attivita-di-corporate-identity-e-media-relations-di-dema\/#breadcrumb","itemListElement":[{"@type":"ListItem","position":1,"name":"Home","item":"https:\/\/www.smartitaly.it\/"},{"@type":"ListItem","position":2,"name":"A Smartitaly le attivit\u00e0 di corporate identity e media relations di Dema"}]},{"@type":"WebSite","@id":"https:\/\/www.smartitaly.it\/#website","url":"https:\/\/www.smartitaly.it\/","name":"Smartitaly Communications","description":"Your communication advisor","publisher":{"@id":"https:\/\/www.smartitaly.it\/#organization"},"potentialAction":[{"@type":"SearchAction","target":{"@type":"EntryPoint","urlTemplate":"https:\/\/www.smartitaly.it\/?s={search_term_string}"},"query-input":{"@type":"PropertyValueSpecification","valueRequired":true,"valueName":"search_term_string"}}],"inLanguage":"en-GB"},{"@type":"Organization","@id":"https:\/\/www.smartitaly.it\/#organization","name":"Smartitaly Communications","url":"https:\/\/www.smartitaly.it\/","logo":{"@type":"ImageObject","inLanguage":"en-GB","@id":"https:\/\/www.smartitaly.it\/#\/schema\/logo\/image\/","url":"https:\/\/www.smartitaly.it\/wp-content\/uploads\/2024\/07\/Icona-Smart-Italy.png","contentUrl":"https:\/\/www.smartitaly.it\/wp-content\/uploads\/2024\/07\/Icona-Smart-Italy.png","width":4967,"height":5000,"caption":"Smartitaly Communications"},"image":{"@id":"https:\/\/www.smartitaly.it\/#\/schema\/logo\/image\/"},"sameAs":["https:\/\/www.linkedin.com\/company\/smart-italy\/"]},{"@type":"Person","@id":"https:\/\/www.smartitaly.it\/#\/schema\/person\/f64e21460b5a75302bde0ca04afd9d90","name":"smartitaly","image":{"@type":"ImageObject","inLanguage":"en-GB","@id":"https:\/\/www.smartitaly.it\/#\/schema\/person\/image\/","url":"https:\/\/secure.gravatar.com\/avatar\/ab66c5845d6a0c7f50666815bd5920591a25085e53921762086fa794c37a8210?s=96&d=mm&r=g","contentUrl":"https:\/\/secure.gravatar.com\/avatar\/ab66c5845d6a0c7f50666815bd5920591a25085e53921762086fa794c37a8210?s=96&d=mm&r=g","caption":"smartitaly"},"url":"https:\/\/www.smartitaly.it\/en_en\/author\/smartitaly\/"}]}},"_links":{"self":[{"href":"https:\/\/www.smartitaly.it\/en_en\/wp-json\/wp\/v2\/posts\/2317","targetHints":{"allow":["GET"]}}],"collection":[{"href":"https:\/\/www.smartitaly.it\/en_en\/wp-json\/wp\/v2\/posts"}],"about":[{"href":"https:\/\/www.smartitaly.it\/en_en\/wp-json\/wp\/v2\/types\/post"}],"author":[{"embeddable":true,"href":"https:\/\/www.smartitaly.it\/en_en\/wp-json\/wp\/v2\/users\/2"}],"replies":[{"embeddable":true,"href":"https:\/\/www.smartitaly.it\/en_en\/wp-json\/wp\/v2\/comments?post=2317"}],"version-history":[{"count":0,"href":"https:\/\/www.smartitaly.it\/en_en\/wp-json\/wp\/v2\/posts\/2317\/revisions"}],"wp:featuredmedia":[{"embeddable":true,"href":"https:\/\/www.smartitaly.it\/en_en\/wp-json\/wp\/v2\/media\/2318"}],"wp:attachment":[{"href":"https:\/\/www.smartitaly.it\/en_en\/wp-json\/wp\/v2\/media?parent=2317"}],"wp:term":[{"taxonomy":"category","embeddable":true,"href":"https:\/\/www.smartitaly.it\/en_en\/wp-json\/wp\/v2\/categories?post=2317"},{"taxonomy":"post_tag","embeddable":true,"href":"https:\/\/www.smartitaly.it\/en_en\/wp-json\/wp\/v2\/tags?post=2317"}],"curies":[{"name":"wp","href":"https:\/\/api.w.org\/{rel}","templated":true}]}}